{"id":323326,"date":"2025-06-18T10:53:42","date_gmt":"2025-06-18T07:53:42","guid":{"rendered":"https:\/\/sana.sy\/tr\/?p=323326"},"modified":"2025-06-18T15:36:00","modified_gmt":"2025-06-18T12:36:00","slug":"opec-uluslararasi-kalkinma-fonu-suriye-hukumetine-destek-ve-is-birligi-icin-plan-ve-stratejilerimiz-var","status":"publish","type":"post","link":"https:\/\/archive.sana.sy\/tr\/?p=323326","title":{"rendered":"OPEC Uluslararas\u0131 Kalk\u0131nma Fonu: Suriye H\u00fck\u00fcmetine Destek ve \u0130\u015f Birli\u011fi \u0130\u00e7in Plan ve Stratejilerimiz Var"},"content":{"rendered":"<p style=\"text-align: justify;\"><strong><span style=\"color: #ff0000;\">V\u0130YANA (SANA)<\/span> &#8211;<\/strong> OPEC Uluslararas\u0131 Kalk\u0131nma Fonu Genel Direkt\u00f6r\u00fc Abdulhamid El Halife, Fon&#8217;un Suriye&#8217;ye d\u00f6nmeye haz\u0131r oldu\u011funu ve engellerin ortadan kalkmas\u0131 durumunda Suriye h\u00fck\u00fcmeti ile \u00f6zel sekt\u00f6re destek sunmak i\u00e7in haz\u0131r planlar\u0131 ve uygulanabilir stratejileri bulundu\u011funu a\u00e7\u0131klad\u0131.<\/p>\n<p style=\"text-align: justify;\">Viyana&#8217;da d\u00fczenlenen OPEC Fonu Forumu kapsam\u0131nda &#8220;Economy East&#8221; sitesine konu\u015fan Abdulhamid, &#8220;Bu y\u0131l yeni h\u00fck\u00fcmetin g\u00f6reve ba\u015flamas\u0131n\u0131n ard\u0131ndan Suriye Maliye Bakan\u0131 Muhammed Yesr Brenniye ve Merkez Bankas\u0131 Ba\u015fkan\u0131 Dr. Abdulkerim Husriye ile bir araya gelerek Suriye&#8217;nin tekrar Fon kaynaklar\u0131ndan nas\u0131l faydalanabilece\u011fini g\u00f6r\u00fc\u015ft\u00fck&#8221; dedi.<\/p>\n<p style=\"text-align: justify;\">Abdulhamid ayr\u0131ca, ge\u00e7ti\u011fimiz y\u0131l Fon\u2019un faaliyet g\u00f6sterdi\u011fi \u00fclke say\u0131s\u0131n\u0131 d\u00f6rt yeni \u00fclke daha ekleyerek 125\u2019e y\u00fckseltti\u011fini vurgulayarak, 2030 y\u0131l\u0131na kadar \u00e7e\u015fitli giri\u015fimlerle 20 milyar dolarl\u0131k destek sa\u011flama hedefi bulundu\u011funu a\u00e7\u0131klad\u0131.<\/p>\n<p style=\"text-align: justify;\">Genel Direkt\u00f6r, \u201c\u00dcye \u00fclkelerin ek fonlarla desteklenen b\u00fcy\u00fck \u00f6l\u00e7ekli stratejileri ve projeleri mevcut. Biz de Fon olarak bu projeleri hayata ge\u00e7irmek i\u00e7in \u00e7al\u0131\u015fmalar\u0131m\u0131z\u0131 s\u00fcrd\u00fcr\u00fcyoruz\u201d ifadelerini kulland\u0131.<\/p>\n","protected":false},"excerpt":{"rendered":"<p>V\u0130YANA (SANA) &#8211; OPEC Uluslararas\u0131 Kalk\u0131nma Fonu Genel Direkt\u00f6r\u00fc Abdulhamid El Halife, Fon&#8217;un Suriye&#8217;ye d\u00f6nmeye haz\u0131r oldu\u011funu ve engellerin ortadan kalkmas\u0131 durumunda Suriye h\u00fck\u00fcmeti ile \u00f6zel sekt\u00f6re destek sunmak i\u00e7in haz\u0131r planlar\u0131 ve uygulanabilir stratejileri bulundu\u011funu a\u00e7\u0131klad\u0131. Viyana&#8217;da d\u00fczenlenen OPEC Fonu Forumu kapsam\u0131nda &#8220;Economy East&#8221; sitesine konu\u015fan Abdulhamid, &#8220;Bu y\u0131l yeni h\u00fck\u00fcmetin g\u00f6reve ba\u015flamas\u0131n\u0131n ard\u0131ndan &hellip;<\/p>\n","protected":false},"author":39,"featured_media":323327,"comment_status":"closed","ping_status":"closed","sticky":false,"template":"","format":"standard","meta":{"footnotes":""},"categories":[458,589,459,17988],"tags":[],"class_list":["post-323326","post","type-post","status-publish","format-standard","has-post-thumbnail","","category-dunya1","category-haber-seridi","category-haberler-arap-uluslararasi-politika","category-son-haberler"],"_links":{"self":[{"href":"https:\/\/archive.sana.sy\/tr\/index.php?rest_route=\/wp\/v2\/posts\/323326","targetHints":{"allow":["GET"]}}],"collection":[{"href":"https:\/\/archive.sana.sy\/tr\/index.php?rest_route=\/wp\/v2\/posts"}],"about":[{"href":"https:\/\/archive.sana.sy\/tr\/index.php?rest_route=\/wp\/v2\/types\/post"}],"author":[{"embeddable":true,"href":"https:\/\/archive.sana.sy\/tr\/index.php?rest_route=\/wp\/v2\/users\/39"}],"replies":[{"embeddable":true,"href":"https:\/\/archive.sana.sy\/tr\/index.php?rest_route=%2Fwp%2Fv2%2Fcomments&post=323326"}],"version-history":[{"count":3,"href":"https:\/\/archive.sana.sy\/tr\/index.php?rest_route=\/wp\/v2\/posts\/323326\/revisions"}],"predecessor-version":[{"id":323352,"href":"https:\/\/archive.sana.sy\/tr\/index.php?rest_route=\/wp\/v2\/posts\/323326\/revisions\/323352"}],"wp:featuredmedia":[{"embeddable":true,"href":"https:\/\/archive.sana.sy\/tr\/index.php?rest_route=\/wp\/v2\/media\/323327"}],"wp:attachment":[{"href":"https:\/\/archive.sana.sy\/tr\/index.php?rest_route=%2Fwp%2Fv2%2Fmedia&parent=323326"}],"wp:term":[{"taxonomy":"category","embeddable":true,"href":"https:\/\/archive.sana.sy\/tr\/index.php?rest_route=%2Fwp%2Fv2%2Fcategories&post=323326"},{"taxonomy":"post_tag","embeddable":true,"href":"https:\/\/archive.sana.sy\/tr\/index.php?rest_route=%2Fwp%2Fv2%2Ftags&post=323326"}],"curies":[{"name":"wp","href":"https:\/\/api.w.org\/{rel}","templated":true}]}}