{"id":323333,"date":"2025-06-18T13:29:47","date_gmt":"2025-06-18T10:29:47","guid":{"rendered":"https:\/\/sana.sy\/tr\/?p=323333"},"modified":"2025-06-18T13:29:47","modified_gmt":"2025-06-18T10:29:47","slug":"fransa-uluslararasi-toplumu-suriyeye-acil-destek-vermeye-cagirdi","status":"publish","type":"post","link":"https:\/\/archive.sana.sy\/tr\/?p=323333","title":{"rendered":"Fransa, Uluslararas\u0131 Toplumu Suriye&#8217;ye Acil Destek Vermeye \u00c7a\u011f\u0131rd\u0131"},"content":{"rendered":"<p style=\"text-align: justify;\"><strong>PAR\u0130S (SANA)<\/strong> &#8211; Fransa, uluslararas\u0131 toplumu Suriye&#8217;ye acil, \u00e7ok y\u00f6nl\u00fc destek sa\u011flamaya, Suriye ekonomisini canland\u0131rmaya ve b\u00f6lgesel entegrasyon ve istikrara ula\u015fmaya \u00e7a\u011f\u0131rd\u0131.<\/p>\n<p style=\"text-align: justify;\">D\u00fcn BM G\u00fcvenlik Konseyi&#8217;nin Suriye konulu oturumunda yapt\u0131\u011f\u0131 konu\u015fmada, Fransa&#8217;n\u0131n Birle\u015fmi\u015f Milletler B\u00fcy\u00fckel\u00e7isi J\u00e9r\u00f4me Bonnafont \u015funlar\u0131 s\u00f6yledi: &#8221;Orta Do\u011fu&#8217;daki mevcut karga\u015fan\u0131n Suriye&#8217;deki ge\u00e7i\u015f s\u00fcrecini etkilemesini \u00f6nlemek ve bu \u00fclkeye b\u00f6lgesel istikrar\u0131n merkezi olma f\u0131rsat\u0131 sa\u011flamak i\u00e7in harekete ge\u00e7mek zorunday\u0131z.&#8221;<\/p>\n<p style=\"text-align: justify;\">B\u00fcy\u00fckel\u00e7isi Bonnafont ayr\u0131ca, uluslararas\u0131 toplumun Suriye&#8217;yi acil insani durumla ilgilenmek, Suriye&#8217;nin uluslararas\u0131 topluma siyasi ve ekonomik yeniden entegrasyonunu g\u00fc\u00e7lendirmek ve gerekli fonu sa\u011flamak da dahil olmak \u00fczere \u00e7e\u015fitli cephelerde desteklemek i\u00e7in acil eylemde bulunmas\u0131 gerekti\u011fini vurgulad\u0131.<\/p>\n<p style=\"text-align: justify;\">Birle\u015fmi\u015f Milletler Fransa Temsilcili\u011fi&#8217;nin internet sitesinde yay\u0131mlanan konu\u015fmas\u0131nda Bonnafont, Paris&#8217;in Suriye ekonomisini canland\u0131rmak i\u00e7in mali yard\u0131m sa\u011flama ve ikili, b\u00f6lgesel ve uluslararas\u0131 ba\u011f\u0131\u015f\u00e7\u0131lar\u0131n yan\u0131 s\u0131ra \u00f6zel sekt\u00f6r\u00fcn harekete ge\u00e7irilmesini destekleme konusundaki rol\u00fcne dikkat \u00e7ekti.<\/p>\n","protected":false},"excerpt":{"rendered":"<p>PAR\u0130S (SANA) &#8211; Fransa, uluslararas\u0131 toplumu Suriye&#8217;ye acil, \u00e7ok y\u00f6nl\u00fc destek sa\u011flamaya, Suriye ekonomisini canland\u0131rmaya ve b\u00f6lgesel entegrasyon ve istikrara ula\u015fmaya \u00e7a\u011f\u0131rd\u0131. D\u00fcn BM G\u00fcvenlik Konseyi&#8217;nin Suriye konulu oturumunda yapt\u0131\u011f\u0131 konu\u015fmada, Fransa&#8217;n\u0131n Birle\u015fmi\u015f Milletler B\u00fcy\u00fckel\u00e7isi J\u00e9r\u00f4me Bonnafont \u015funlar\u0131 s\u00f6yledi: &#8221;Orta Do\u011fu&#8217;daki mevcut karga\u015fan\u0131n Suriye&#8217;deki ge\u00e7i\u015f s\u00fcrecini etkilemesini \u00f6nlemek ve bu \u00fclkeye b\u00f6lgesel istikrar\u0131n merkezi olma &hellip;<\/p>\n","protected":false},"author":39,"featured_media":323334,"comment_status":"closed","ping_status":"closed","sticky":false,"template":"","format":"standard","meta":{"footnotes":""},"categories":[458,589,459,17988],"tags":[],"class_list":["post-323333","post","type-post","status-publish","format-standard","has-post-thumbnail","","category-dunya1","category-haber-seridi","category-haberler-arap-uluslararasi-politika","category-son-haberler"],"_links":{"self":[{"href":"https:\/\/archive.sana.sy\/tr\/index.php?rest_route=\/wp\/v2\/posts\/323333","targetHints":{"allow":["GET"]}}],"collection":[{"href":"https:\/\/archive.sana.sy\/tr\/index.php?rest_route=\/wp\/v2\/posts"}],"about":[{"href":"https:\/\/archive.sana.sy\/tr\/index.php?rest_route=\/wp\/v2\/types\/post"}],"author":[{"embeddable":true,"href":"https:\/\/archive.sana.sy\/tr\/index.php?rest_route=\/wp\/v2\/users\/39"}],"replies":[{"embeddable":true,"href":"https:\/\/archive.sana.sy\/tr\/index.php?rest_route=%2Fwp%2Fv2%2Fcomments&post=323333"}],"version-history":[{"count":1,"href":"https:\/\/archive.sana.sy\/tr\/index.php?rest_route=\/wp\/v2\/posts\/323333\/revisions"}],"predecessor-version":[{"id":323335,"href":"https:\/\/archive.sana.sy\/tr\/index.php?rest_route=\/wp\/v2\/posts\/323333\/revisions\/323335"}],"wp:featuredmedia":[{"embeddable":true,"href":"https:\/\/archive.sana.sy\/tr\/index.php?rest_route=\/wp\/v2\/media\/323334"}],"wp:attachment":[{"href":"https:\/\/archive.sana.sy\/tr\/index.php?rest_route=%2Fwp%2Fv2%2Fmedia&parent=323333"}],"wp:term":[{"taxonomy":"category","embeddable":true,"href":"https:\/\/archive.sana.sy\/tr\/index.php?rest_route=%2Fwp%2Fv2%2Fcategories&post=323333"},{"taxonomy":"post_tag","embeddable":true,"href":"https:\/\/archive.sana.sy\/tr\/index.php?rest_route=%2Fwp%2Fv2%2Ftags&post=323333"}],"curies":[{"name":"wp","href":"https:\/\/api.w.org\/{rel}","templated":true}]}}