{"id":323356,"date":"2025-06-18T15:52:00","date_gmt":"2025-06-18T12:52:00","guid":{"rendered":"https:\/\/sana.sy\/tr\/?p=323356"},"modified":"2025-06-18T15:52:00","modified_gmt":"2025-06-18T12:52:00","slug":"barrack-suriyedeki-suriyeli-amerikali-sirketlerinin-faaliyetlerinin-yeniden-baslatmasini-memnuniyetle-karsiladi","status":"publish","type":"post","link":"https:\/\/archive.sana.sy\/tr\/?p=323356","title":{"rendered":"Barrack, Suriye&#8217;deki Suriyeli-Amerikal\u0131 \u015eirketlerinin Faaliyetlerinin Yeniden Ba\u015flatmas\u0131n\u0131 Memnuniyetle Kar\u015f\u0131lad\u0131"},"content":{"rendered":"<p style=\"text-align: justify;\"><span style=\"color: #ff0000;\"><strong>VA\u015e\u0130NGTON (SANA)-<\/strong><\/span> ABD&#8217;nin Suriye \u00d6zel Temsilcisi Thomas Barrack, ekonomik yapt\u0131r\u0131mlar\u0131n kald\u0131r\u0131lmas\u0131n\u0131n ard\u0131ndan Suriye-Amerikan \u015firketlerinin \u00fclkeye geri d\u00f6nmesini ve faaliyetlerini yeniden ba\u015flatmas\u0131n\u0131 memnuniyetle kar\u015f\u0131lad\u0131.<\/p>\n<p style=\"text-align: justify;\">Barrack, (X)\u00a0 platformunda yapt\u0131\u011f\u0131 bir payla\u015f\u0131mda \u015funlar\u0131 s\u00f6yledi: &#8220;Suriye&#8217;nin ileti\u015fim altyap\u0131s\u0131n\u0131n yeniden in\u015fa edilmesi, t\u00fcm Suriyelilerin tarihi k\u00fclt\u00fcrlerinin yenilenmesinden ve canlanmas\u0131ndan faydalanmalar\u0131na yard\u0131mc\u0131 olmak i\u00e7in kritik \u00f6nem ta\u015f\u0131yor.&#8221;<\/p>\n<p style=\"text-align: justify;\">Barrack ayr\u0131ca, Suriyeli i\u015f adam\u0131 Cihad Salkini taraf\u0131ndan kurulan, geli\u015fmi\u015f kablosuz a\u011f altyap\u0131s\u0131 \u00e7\u00f6z\u00fcmlerinde uzmanla\u015fm\u0131\u015f bir Amerikan \u015firketi olan Tecor Networks&#8217;ten bir ekiple g\u00f6r\u00fc\u015fmekten duydu\u011fu memnuniyeti dile getirdi.<\/p>\n","protected":false},"excerpt":{"rendered":"<p>VA\u015e\u0130NGTON (SANA)- ABD&#8217;nin Suriye \u00d6zel Temsilcisi Thomas Barrack, ekonomik yapt\u0131r\u0131mlar\u0131n kald\u0131r\u0131lmas\u0131n\u0131n ard\u0131ndan Suriye-Amerikan \u015firketlerinin \u00fclkeye geri d\u00f6nmesini ve faaliyetlerini yeniden ba\u015flatmas\u0131n\u0131 memnuniyetle kar\u015f\u0131lad\u0131. Barrack, (X)\u00a0 platformunda yapt\u0131\u011f\u0131 bir payla\u015f\u0131mda \u015funlar\u0131 s\u00f6yledi: &#8220;Suriye&#8217;nin ileti\u015fim altyap\u0131s\u0131n\u0131n yeniden in\u015fa edilmesi, t\u00fcm Suriyelilerin tarihi k\u00fclt\u00fcrlerinin yenilenmesinden ve canlanmas\u0131ndan faydalanmalar\u0131na yard\u0131mc\u0131 olmak i\u00e7in kritik \u00f6nem ta\u015f\u0131yor.&#8221; Barrack ayr\u0131ca, Suriyeli i\u015f &hellip;<\/p>\n","protected":false},"author":41,"featured_media":323357,"comment_status":"closed","ping_status":"closed","sticky":false,"template":"","format":"standard","meta":{"footnotes":""},"categories":[458,589,459,17988],"tags":[],"class_list":["post-323356","post","type-post","status-publish","format-standard","has-post-thumbnail","","category-dunya1","category-haber-seridi","category-haberler-arap-uluslararasi-politika","category-son-haberler"],"_links":{"self":[{"href":"https:\/\/archive.sana.sy\/tr\/index.php?rest_route=\/wp\/v2\/posts\/323356","targetHints":{"allow":["GET"]}}],"collection":[{"href":"https:\/\/archive.sana.sy\/tr\/index.php?rest_route=\/wp\/v2\/posts"}],"about":[{"href":"https:\/\/archive.sana.sy\/tr\/index.php?rest_route=\/wp\/v2\/types\/post"}],"author":[{"embeddable":true,"href":"https:\/\/archive.sana.sy\/tr\/index.php?rest_route=\/wp\/v2\/users\/41"}],"replies":[{"embeddable":true,"href":"https:\/\/archive.sana.sy\/tr\/index.php?rest_route=%2Fwp%2Fv2%2Fcomments&post=323356"}],"version-history":[{"count":1,"href":"https:\/\/archive.sana.sy\/tr\/index.php?rest_route=\/wp\/v2\/posts\/323356\/revisions"}],"predecessor-version":[{"id":323358,"href":"https:\/\/archive.sana.sy\/tr\/index.php?rest_route=\/wp\/v2\/posts\/323356\/revisions\/323358"}],"wp:featuredmedia":[{"embeddable":true,"href":"https:\/\/archive.sana.sy\/tr\/index.php?rest_route=\/wp\/v2\/media\/323357"}],"wp:attachment":[{"href":"https:\/\/archive.sana.sy\/tr\/index.php?rest_route=%2Fwp%2Fv2%2Fmedia&parent=323356"}],"wp:term":[{"taxonomy":"category","embeddable":true,"href":"https:\/\/archive.sana.sy\/tr\/index.php?rest_route=%2Fwp%2Fv2%2Fcategories&post=323356"},{"taxonomy":"post_tag","embeddable":true,"href":"https:\/\/archive.sana.sy\/tr\/index.php?rest_route=%2Fwp%2Fv2%2Ftags&post=323356"}],"curies":[{"name":"wp","href":"https:\/\/api.w.org\/{rel}","templated":true}]}}