{"id":323364,"date":"2025-06-18T18:38:54","date_gmt":"2025-06-18T15:38:54","guid":{"rendered":"https:\/\/sana.sy\/tr\/?p=323364"},"modified":"2025-06-18T18:38:54","modified_gmt":"2025-06-18T15:38:54","slug":"safadi-suriyenin-yeniden-insasi-icin-guclerimizi-birlestirmeliyiz","status":"publish","type":"post","link":"https:\/\/archive.sana.sy\/tr\/?p=323364","title":{"rendered":"Safadi: Suriye&#8217;nin Yeniden \u0130n\u015fas\u0131 \u0130\u00e7in G\u00fc\u00e7lerimizi Birle\u015ftirmeliyiz"},"content":{"rendered":"<p style=\"text-align: justify;\"><span style=\"color: #ff0000;\"><strong>BERL\u0130N (SANA) &#8211;<\/strong><\/span> \u00dcrd\u00fcn D\u0131\u015fi\u015fleri Bakan\u0131 Eymen Safadi, g\u00fcvenli ve istikrarl\u0131 bir Suriye&#8217;yi yeniden in\u015fa etmek i\u00e7in uygun ko\u015fullar\u0131 yaratmak amac\u0131yla uluslararas\u0131 d\u00fczeyde ortak \u00e7abalar\u0131n \u00f6nemini vurgulad\u0131.<\/p>\n<p style=\"text-align: justify;\">Safadi, bug\u00fcn Berlin&#8217;de Alman mevkida\u015f\u0131 Johann Wadephul ile yapt\u0131\u011f\u0131 bas\u0131n toplant\u0131s\u0131nda, &#8220;Suriye kritik bir a\u015famadan ge\u00e7iyor ve Suriye h\u00fck\u00fcmeti, t\u00fcm halk\u0131n\u0131n haklar\u0131n\u0131 koruyan \u00f6zg\u00fcr ve ba\u011f\u0131ms\u0131z bir Suriye&#8217;yi yeniden in\u015fa etmek i\u00e7in \u00f6nemli \u00e7abalar sarf ediyor.&#8221; Ifadelerine kullanarak, ve bunun i\u00e7in uygun ko\u015fullar\u0131n yarat\u0131lmas\u0131na katk\u0131da bulunmak amac\u0131yla t\u00fcm \u00fclkeler aras\u0131nda i\u015fbirli\u011fi ve ortak \u00e7abalara ihtiya\u00e7 oldu\u011funu kaydetti.<\/p>\n<p style=\"text-align: justify;\">Safadi ayr\u0131ca , \u00fclkesinin Suriye ve Almanya aras\u0131nda ekonomik i\u015fbirli\u011fi konseyi kurulmas\u0131na y\u00f6nelik anla\u015fmay\u0131 destekledi\u011fini ve te\u015fvik etti\u011fini belirtirken, \u00a0bu ad\u0131m\u0131n Suriye halk\u0131n\u0131n uzun y\u0131llar s\u00fcren ac\u0131, harap ve y\u0131k\u0131mdan sonra hak etti\u011fi insanca ya\u015fam\u0131 sa\u011flamas\u0131na katk\u0131da bulunaca\u011f\u0131n\u0131n \u00f6nemine dikkat \u00e7ekti.<\/p>\n","protected":false},"excerpt":{"rendered":"<p>BERL\u0130N (SANA) &#8211; \u00dcrd\u00fcn D\u0131\u015fi\u015fleri Bakan\u0131 Eymen Safadi, g\u00fcvenli ve istikrarl\u0131 bir Suriye&#8217;yi yeniden in\u015fa etmek i\u00e7in uygun ko\u015fullar\u0131 yaratmak amac\u0131yla uluslararas\u0131 d\u00fczeyde ortak \u00e7abalar\u0131n \u00f6nemini vurgulad\u0131. Safadi, bug\u00fcn Berlin&#8217;de Alman mevkida\u015f\u0131 Johann Wadephul ile yapt\u0131\u011f\u0131 bas\u0131n toplant\u0131s\u0131nda, &#8220;Suriye kritik bir a\u015famadan ge\u00e7iyor ve Suriye h\u00fck\u00fcmeti, t\u00fcm halk\u0131n\u0131n haklar\u0131n\u0131 koruyan \u00f6zg\u00fcr ve ba\u011f\u0131ms\u0131z bir Suriye&#8217;yi &hellip;<\/p>\n","protected":false},"author":41,"featured_media":323365,"comment_status":"closed","ping_status":"closed","sticky":false,"template":"","format":"standard","meta":{"footnotes":""},"categories":[458,589,459,17988],"tags":[],"class_list":["post-323364","post","type-post","status-publish","format-standard","has-post-thumbnail","","category-dunya1","category-haber-seridi","category-haberler-arap-uluslararasi-politika","category-son-haberler"],"_links":{"self":[{"href":"https:\/\/archive.sana.sy\/tr\/index.php?rest_route=\/wp\/v2\/posts\/323364","targetHints":{"allow":["GET"]}}],"collection":[{"href":"https:\/\/archive.sana.sy\/tr\/index.php?rest_route=\/wp\/v2\/posts"}],"about":[{"href":"https:\/\/archive.sana.sy\/tr\/index.php?rest_route=\/wp\/v2\/types\/post"}],"author":[{"embeddable":true,"href":"https:\/\/archive.sana.sy\/tr\/index.php?rest_route=\/wp\/v2\/users\/41"}],"replies":[{"embeddable":true,"href":"https:\/\/archive.sana.sy\/tr\/index.php?rest_route=%2Fwp%2Fv2%2Fcomments&post=323364"}],"version-history":[{"count":1,"href":"https:\/\/archive.sana.sy\/tr\/index.php?rest_route=\/wp\/v2\/posts\/323364\/revisions"}],"predecessor-version":[{"id":323366,"href":"https:\/\/archive.sana.sy\/tr\/index.php?rest_route=\/wp\/v2\/posts\/323364\/revisions\/323366"}],"wp:featuredmedia":[{"embeddable":true,"href":"https:\/\/archive.sana.sy\/tr\/index.php?rest_route=\/wp\/v2\/media\/323365"}],"wp:attachment":[{"href":"https:\/\/archive.sana.sy\/tr\/index.php?rest_route=%2Fwp%2Fv2%2Fmedia&parent=323364"}],"wp:term":[{"taxonomy":"category","embeddable":true,"href":"https:\/\/archive.sana.sy\/tr\/index.php?rest_route=%2Fwp%2Fv2%2Fcategories&post=323364"},{"taxonomy":"post_tag","embeddable":true,"href":"https:\/\/archive.sana.sy\/tr\/index.php?rest_route=%2Fwp%2Fv2%2Ftags&post=323364"}],"curies":[{"name":"wp","href":"https:\/\/api.w.org\/{rel}","templated":true}]}}