{"id":323368,"date":"2025-06-18T19:18:01","date_gmt":"2025-06-18T16:18:01","guid":{"rendered":"https:\/\/sana.sy\/tr\/?p=323368"},"modified":"2025-06-18T19:18:01","modified_gmt":"2025-06-18T16:18:01","slug":"sivil-havacilik-sam-havaalaninin-kapatildigina-dair-haberleri-yalanladi","status":"publish","type":"post","link":"https:\/\/archive.sana.sy\/tr\/?p=323368","title":{"rendered":"Sivil Havac\u0131l\u0131k \u015eam Havaalan\u0131n\u0131n Kapat\u0131ld\u0131\u011f\u0131na Dair Haberleri Yalanlad\u0131"},"content":{"rendered":"<p style=\"text-align: justify;\"><strong><span style=\"color: #ff0000;\">\u015eAM (SANA) &#8211;<\/span>\u00a0 <\/strong>Suriye Sivil Havac\u0131l\u0131k Otoritesi, \u015eam Uluslararas\u0131 Havaalan\u0131n\u0131n kapat\u0131ld\u0131\u011f\u0131na dair baz\u0131 medya kurulu\u015flar\u0131 ve sosyal medyada dola\u015fan haberleri yalanlad\u0131 ve havaalan\u0131n\u0131n faaliyette oldu\u011funu ve kapat\u0131lmad\u0131\u011f\u0131n\u0131 ve acil bir durum ya\u015fayan herhangi bir u\u00e7ak taraf\u0131ndan herhangi bir engel olmaks\u0131z\u0131n kullan\u0131labilece\u011fini vurgulad\u0131.<\/p>\n<p style=\"text-align: justify;\">Otorite yapt\u0131\u011f\u0131 a\u00e7\u0131klamada \u015funlar\u0131 belirtti: \u2018\u2019Ger\u00e7ekle\u015fen \u015fey, havac\u0131l\u0131k g\u00fcvenli\u011fiyle ilgili nedenlerle Suriye hava sahas\u0131ndaki baz\u0131 hava koridorlar\u0131n\u0131n ge\u00e7ici olarak kapat\u0131lmas\u0131d\u0131r. Bunlar, onayl\u0131 prosed\u00fcrlere uygun olarak ve ilgili yetkililerle koordinasyon halinde ele al\u0131nmaktad\u0131r.\u2019\u2019<\/p>\n<p style=\"text-align: justify;\">Otorite ay\u0131ca, \u2018\u2019Baz\u0131 \u00f6zel ve insani durumlarda, u\u00e7aklar Suriye Sivil Havac\u0131l\u0131k Otoritesinden \u00f6nceden onay ald\u0131ktan sonra \u015eam Uluslararas\u0131 Havaalan\u0131na inebilir. Hava g\u00fcvenli\u011fini sa\u011flamak i\u00e7in kapal\u0131 koridorlar\u0131n d\u0131\u015f\u0131ndaki alternatif rotalar \u00fczerinden y\u00f6nlendirilirler\u2019\u2019 ifadelerini kulland\u0131.<\/p>\n<p style=\"text-align: justify;\">Otorite, t\u00fcm medya kurulu\u015flar\u0131n\u0131n ve sosyal medya kullan\u0131c\u0131lar\u0131n\u0131n bilgilerinin do\u011frulu\u011funu do\u011frulamalar\u0131 ve resmi Suriye Sivil Havac\u0131l\u0131k Otoritesi taraf\u0131ndan yay\u0131nlanan bilgilere g\u00fcvenmeleri gerekti\u011fini vurgulad\u0131.<\/p>\n","protected":false},"excerpt":{"rendered":"<p>\u015eAM (SANA) &#8211;\u00a0 Suriye Sivil Havac\u0131l\u0131k Otoritesi, \u015eam Uluslararas\u0131 Havaalan\u0131n\u0131n kapat\u0131ld\u0131\u011f\u0131na dair baz\u0131 medya kurulu\u015flar\u0131 ve sosyal medyada dola\u015fan haberleri yalanlad\u0131 ve havaalan\u0131n\u0131n faaliyette oldu\u011funu ve kapat\u0131lmad\u0131\u011f\u0131n\u0131 ve acil bir durum ya\u015fayan herhangi bir u\u00e7ak taraf\u0131ndan herhangi bir engel olmaks\u0131z\u0131n kullan\u0131labilece\u011fini vurgulad\u0131. Otorite yapt\u0131\u011f\u0131 a\u00e7\u0131klamada \u015funlar\u0131 belirtti: \u2018\u2019Ger\u00e7ekle\u015fen \u015fey, havac\u0131l\u0131k g\u00fcvenli\u011fiyle ilgili nedenlerle Suriye hava &hellip;<\/p>\n","protected":false},"author":41,"featured_media":323369,"comment_status":"closed","ping_status":"closed","sticky":false,"template":"","format":"standard","meta":{"footnotes":""},"categories":[589,479,17988,478],"tags":[],"class_list":["post-323368","post","type-post","status-publish","format-standard","has-post-thumbnail","","category-haber-seridi","category-haberler-yerel","category-son-haberler","category-yerel"],"_links":{"self":[{"href":"https:\/\/archive.sana.sy\/tr\/index.php?rest_route=\/wp\/v2\/posts\/323368","targetHints":{"allow":["GET"]}}],"collection":[{"href":"https:\/\/archive.sana.sy\/tr\/index.php?rest_route=\/wp\/v2\/posts"}],"about":[{"href":"https:\/\/archive.sana.sy\/tr\/index.php?rest_route=\/wp\/v2\/types\/post"}],"author":[{"embeddable":true,"href":"https:\/\/archive.sana.sy\/tr\/index.php?rest_route=\/wp\/v2\/users\/41"}],"replies":[{"embeddable":true,"href":"https:\/\/archive.sana.sy\/tr\/index.php?rest_route=%2Fwp%2Fv2%2Fcomments&post=323368"}],"version-history":[{"count":1,"href":"https:\/\/archive.sana.sy\/tr\/index.php?rest_route=\/wp\/v2\/posts\/323368\/revisions"}],"predecessor-version":[{"id":323370,"href":"https:\/\/archive.sana.sy\/tr\/index.php?rest_route=\/wp\/v2\/posts\/323368\/revisions\/323370"}],"wp:featuredmedia":[{"embeddable":true,"href":"https:\/\/archive.sana.sy\/tr\/index.php?rest_route=\/wp\/v2\/media\/323369"}],"wp:attachment":[{"href":"https:\/\/archive.sana.sy\/tr\/index.php?rest_route=%2Fwp%2Fv2%2Fmedia&parent=323368"}],"wp:term":[{"taxonomy":"category","embeddable":true,"href":"https:\/\/archive.sana.sy\/tr\/index.php?rest_route=%2Fwp%2Fv2%2Fcategories&post=323368"},{"taxonomy":"post_tag","embeddable":true,"href":"https:\/\/archive.sana.sy\/tr\/index.php?rest_route=%2Fwp%2Fv2%2Ftags&post=323368"}],"curies":[{"name":"wp","href":"https:\/\/api.w.org\/{rel}","templated":true}]}}