{"id":323380,"date":"2025-06-19T10:08:08","date_gmt":"2025-06-19T07:08:08","guid":{"rendered":"https:\/\/sana.sy\/tr\/?p=323380"},"modified":"2025-06-19T10:46:15","modified_gmt":"2025-06-19T07:46:15","slug":"saglik-bakani-ankaradaki-bazi-saglik-tesislerinin-deneyimlerini-degerlendirdi","status":"publish","type":"post","link":"https:\/\/archive.sana.sy\/tr\/?p=323380","title":{"rendered":"Sa\u011fl\u0131k Bakan\u0131, Ankara\u2019daki Baz\u0131 Sa\u011fl\u0131k Tesislerinin Deneyimlerini \u0130nceledi"},"content":{"rendered":"<p style=\"text-align: justify;\"><strong>ANKARA (SANA) \u2014<\/strong> Suriye Sa\u011fl\u0131k Bakan\u0131 Dr. Musab El Ali, a\u015f\u0131, ila\u00e7 ve biyoteknoloji alan\u0131ndaki geli\u015ftirme projelerini incelemek amac\u0131yla ba\u015fkent Ankara&#8217;da bulunan T\u00dcSEB Aziz Sancar Ara\u015ft\u0131rma Merkezi ile B\u0130YA\u015eAM Ara\u015ft\u0131rma ve E\u011fitim Merkezi&#8217;ni ziyaret etti.<\/p>\n<p style=\"text-align: justify;\">Bakan El Ali, ziyaretlerinde Suriye ile T\u00fcrkiye aras\u0131ndaki bilimsel ve ara\u015ft\u0131rma i\u015f birli\u011finin art\u0131r\u0131lmas\u0131n\u0131n \u00f6nemine dikkat \u00e7ekerek, Suriye&#8217;nin sa\u011fl\u0131k sisteminin geli\u015ftirilmesinde T\u00fcrkiye&#8217;nin uzmanl\u0131\u011f\u0131ndan faydalan\u0131lmas\u0131 gerekti\u011fini vurgulad\u0131.<\/p>\n<p style=\"text-align: justify;\"><img loading=\"lazy\" decoding=\"async\" class=\"size-full wp-image-323382 alignright\" src=\"http:\/\/sana.sy\/tr\/wp-content\/uploads\/2025\/06\/111111111111111.jpg\" alt=\"\" width=\"300\" height=\"200\" \/>Dr. El Ali, T\u00fcrk Sa\u011fl\u0131k Bakanl\u0131\u011f\u0131 Uluslararas\u0131 Sa\u011fl\u0131k \u0130li\u015fkileri Temsilcisi Dr. Aziz Alper ile birlikte Bilkent \u015eehir Hastanesi&#8217;nde de incelemelerde bulundu. Hastanedeki onkoloji, organ nakli ve fel\u00e7 tedavi merkezleri, otomatik numune ta\u015f\u0131ma sistemleri, lojistik robotlar ve t\u0131bbi konaklama i\u00e7in ayr\u0131lan otel altyap\u0131s\u0131 hakk\u0131nda bilgi ald\u0131. Ayr\u0131ca, helikopter pisti ve yedek jenerat\u00f6rl\u00fc acil servis birimlerini yerinde inceledi.<\/p>\n<p style=\"text-align: justify;\">Bakan El Ali, hastanenin \u00f6zellikle 2024 y\u0131l\u0131nda T\u00dcSEB-T\u00dcSKA akreditasyonunu almas\u0131n\u0131n ard\u0131ndan sa\u011fl\u0131k turizmini desteklemede se\u00e7kin bir model haline geldi\u011fini belirterek, kamu-\u00f6zel sekt\u00f6r ortakl\u0131\u011f\u0131 modelinin ba\u015far\u0131s\u0131n\u0131 \u00f6vd\u00fc.<\/p>\n<p>Sa\u011fl\u0131k Bakan\u0131 Dr. El Ali, T\u00fcrkiye Sa\u011fl\u0131k Bakan Yard\u0131mc\u0131s\u0131 Dr. \u015euayip Birinci ile bir araya gelerek, T\u00fcrkiye&#8217;nin sa\u011fl\u0131k sekt\u00f6r\u00fcndeki dijital d\u00f6n\u00fc\u015f\u00fcm deneyimlerini ele ald\u0131.<\/p>\n<p style=\"text-align: justify;\"><img loading=\"lazy\" decoding=\"async\" class=\"size-full wp-image-323383 alignright\" src=\"http:\/\/sana.sy\/tr\/wp-content\/uploads\/2025\/06\/222222222222.jpg\" alt=\"\" width=\"300\" height=\"200\" \/>Toplant\u0131da, T\u00fcrkiye&#8217;nin en \u00f6nemli dijital sa\u011fl\u0131k sistemleri olan:<br \/>\n&#8211; E-Nab\u0131z (elektronik sa\u011fl\u0131k kay\u0131t sistemi),<br \/>\n&#8211; Tele-Radyoloji sistemi,<br \/>\n&#8211; Hayat Eve S\u0131\u011far uygulamas\u0131<br \/>\ngibi projelerin i\u015fleyi\u015f mekanizmalar\u0131 ve sa\u011fl\u0131k hizmetlerinin verimlili\u011fine katk\u0131lar\u0131 masaya yat\u0131r\u0131ld\u0131.<\/p>\n<p style=\"text-align: justify;\">Taraflar, Suriye&#8217;nin dijital sa\u011fl\u0131k altyap\u0131s\u0131n\u0131n modern e\u011filimlere uygun \u015fekilde geli\u015ftirilmesi ve T\u00fcrkiye&#8217;nin deneyimlerinden yararlan\u0131lmas\u0131 i\u00e7in i\u015f birli\u011fi f\u0131rsatlar\u0131n\u0131 de\u011ferlendirdi.<\/p>\n","protected":false},"excerpt":{"rendered":"<p>ANKARA (SANA) \u2014 Suriye Sa\u011fl\u0131k Bakan\u0131 Dr. Musab El Ali, a\u015f\u0131, ila\u00e7 ve biyoteknoloji alan\u0131ndaki geli\u015ftirme projelerini incelemek amac\u0131yla ba\u015fkent Ankara&#8217;da bulunan T\u00dcSEB Aziz Sancar Ara\u015ft\u0131rma Merkezi ile B\u0130YA\u015eAM Ara\u015ft\u0131rma ve E\u011fitim Merkezi&#8217;ni ziyaret etti. Bakan El Ali, ziyaretlerinde Suriye ile T\u00fcrkiye aras\u0131ndaki bilimsel ve ara\u015ft\u0131rma i\u015f birli\u011finin art\u0131r\u0131lmas\u0131n\u0131n \u00f6nemine dikkat \u00e7ekerek, Suriye&#8217;nin sa\u011fl\u0131k sisteminin &hellip;<\/p>\n","protected":false},"author":39,"featured_media":323381,"comment_status":"closed","ping_status":"closed","sticky":false,"template":"","format":"standard","meta":{"footnotes":""},"categories":[458,589,459,17988],"tags":[],"class_list":["post-323380","post","type-post","status-publish","format-standard","has-post-thumbnail","","category-dunya1","category-haber-seridi","category-haberler-arap-uluslararasi-politika","category-son-haberler"],"_links":{"self":[{"href":"https:\/\/archive.sana.sy\/tr\/index.php?rest_route=\/wp\/v2\/posts\/323380","targetHints":{"allow":["GET"]}}],"collection":[{"href":"https:\/\/archive.sana.sy\/tr\/index.php?rest_route=\/wp\/v2\/posts"}],"about":[{"href":"https:\/\/archive.sana.sy\/tr\/index.php?rest_route=\/wp\/v2\/types\/post"}],"author":[{"embeddable":true,"href":"https:\/\/archive.sana.sy\/tr\/index.php?rest_route=\/wp\/v2\/users\/39"}],"replies":[{"embeddable":true,"href":"https:\/\/archive.sana.sy\/tr\/index.php?rest_route=%2Fwp%2Fv2%2Fcomments&post=323380"}],"version-history":[{"count":5,"href":"https:\/\/archive.sana.sy\/tr\/index.php?rest_route=\/wp\/v2\/posts\/323380\/revisions"}],"predecessor-version":[{"id":323391,"href":"https:\/\/archive.sana.sy\/tr\/index.php?rest_route=\/wp\/v2\/posts\/323380\/revisions\/323391"}],"wp:featuredmedia":[{"embeddable":true,"href":"https:\/\/archive.sana.sy\/tr\/index.php?rest_route=\/wp\/v2\/media\/323381"}],"wp:attachment":[{"href":"https:\/\/archive.sana.sy\/tr\/index.php?rest_route=%2Fwp%2Fv2%2Fmedia&parent=323380"}],"wp:term":[{"taxonomy":"category","embeddable":true,"href":"https:\/\/archive.sana.sy\/tr\/index.php?rest_route=%2Fwp%2Fv2%2Fcategories&post=323380"},{"taxonomy":"post_tag","embeddable":true,"href":"https:\/\/archive.sana.sy\/tr\/index.php?rest_route=%2Fwp%2Fv2%2Ftags&post=323380"}],"curies":[{"name":"wp","href":"https:\/\/api.w.org\/{rel}","templated":true}]}}