{"id":323386,"date":"2025-06-19T11:55:42","date_gmt":"2025-06-19T08:55:42","guid":{"rendered":"https:\/\/sana.sy\/tr\/?p=323386"},"modified":"2025-06-19T17:40:55","modified_gmt":"2025-06-19T14:40:55","slug":"suriyedeki-bazi-hastanelerin-rehabilitasyonu-icin-turkiye-ile-is-birligi-anlasmasi-imzalandi","status":"publish","type":"post","link":"https:\/\/archive.sana.sy\/tr\/?p=323386","title":{"rendered":"Suriye&#8217;deki Baz\u0131 Hastanelerin Rehabilitasyonu \u0130\u00e7in T\u00fcrkiye ile \u0130\u015f Birli\u011fi Anla\u015fmas\u0131 \u0130mzaland\u0131\u00a0"},"content":{"rendered":"<p style=\"text-align: justify;\"><strong><span style=\"color: #ff0000;\">ANKARA (SANA)<\/span> &#8211;\u00a0<\/strong>Suriye Sa\u011fl\u0131k Bakan\u0131 Dr. Musab El Ali, iki \u00fclke aras\u0131ndaki sa\u011fl\u0131k i\u015f birli\u011fini g\u00fc\u00e7lendirmek amac\u0131yla T\u00fcrkiye Sa\u011fl\u0131k Bakan\u0131 Kemal Memi\u015fo\u011flu ile ortak bir anla\u015fma imzalad\u0131.<\/p>\n<p style=\"text-align: justify;\"><img loading=\"lazy\" decoding=\"async\" class=\"size-full wp-image-323392 alignright\" src=\"http:\/\/sana.sy\/tr\/wp-content\/uploads\/2025\/06\/7777777777.jpg\" alt=\"\" width=\"300\" height=\"188\" \/>Anla\u015fma kapsam\u0131nda, Halep&#8217;teki 150 yatakl\u0131 Onkoloji Hastanesi&#8217;nin 180 g\u00fcn i\u00e7inde t\u0131bbi ekipmanlar\u0131yla birlikte tamamen faaliyete ge\u00e7irilmesi planlan\u0131yor. Ayr\u0131ca \u015eam&#8217;daki 310 yatakl\u0131 Dummar Kalp Cerrahisi Hastanesi&#8217;nin desteklenmesi, modern t\u0131bbi cihazlarla donat\u0131lmas\u0131 ve kalp cerrahisi ile kalp bak\u0131m\u0131nda kapsaml\u0131 hizmet sunabilmesi i\u00e7in uzman personel deste\u011fi sa\u011flanacak.<\/p>\n<p style=\"text-align: justify;\">Bu anla\u015fma, Suriye Sa\u011fl\u0131k Bakanl\u0131\u011f\u0131&#8217;n\u0131n \u00fclkedeki sa\u011fl\u0131k hizmetlerinin kalitesini y\u00fckseltmek ve hayati \u00f6neme sahip sa\u011fl\u0131k tesislerini iyile\u015ftirmek amac\u0131yla y\u00fcr\u00fctt\u00fc\u011f\u00fc hastane ve altyap\u0131 rehabilitasyon plan\u0131n\u0131n bir par\u00e7as\u0131n\u0131 olu\u015fturuyor.<\/p>\n<div id='gallery-1' class='gallery galleryid-323386 gallery-columns-1 gallery-size-full'><figure class='gallery-item'>\n\t\t\t<div class='gallery-icon landscape'>\n\t\t\t\t<a href='https:\/\/archive.sana.sy\/tr\/wp-content\/uploads\/2025\/06\/888888888888.jpg'><img loading=\"lazy\" decoding=\"async\" width=\"300\" height=\"180\" src=\"https:\/\/archive.sana.sy\/tr\/wp-content\/uploads\/2025\/06\/888888888888.jpg\" class=\"attachment-full size-full\" alt=\"\" \/><\/a>\n\t\t\t<\/div><\/figure>\n\t\t<\/div>\n\n","protected":false},"excerpt":{"rendered":"<p>ANKARA (SANA) &#8211;\u00a0Suriye Sa\u011fl\u0131k Bakan\u0131 Dr. Musab El Ali, iki \u00fclke aras\u0131ndaki sa\u011fl\u0131k i\u015f birli\u011fini g\u00fc\u00e7lendirmek amac\u0131yla T\u00fcrkiye Sa\u011fl\u0131k Bakan\u0131 Kemal Memi\u015fo\u011flu ile ortak bir anla\u015fma imzalad\u0131. Anla\u015fma kapsam\u0131nda, Halep&#8217;teki 150 yatakl\u0131 Onkoloji Hastanesi&#8217;nin 180 g\u00fcn i\u00e7inde t\u0131bbi ekipmanlar\u0131yla birlikte tamamen faaliyete ge\u00e7irilmesi planlan\u0131yor. Ayr\u0131ca \u015eam&#8217;daki 310 yatakl\u0131 Dummar Kalp Cerrahisi Hastanesi&#8217;nin desteklenmesi, modern t\u0131bbi &hellip;<\/p>\n","protected":false},"author":39,"featured_media":323387,"comment_status":"closed","ping_status":"closed","sticky":false,"template":"","format":"standard","meta":{"footnotes":""},"categories":[458,589,459,17988],"tags":[],"class_list":["post-323386","post","type-post","status-publish","format-standard","has-post-thumbnail","","category-dunya1","category-haber-seridi","category-haberler-arap-uluslararasi-politika","category-son-haberler"],"_links":{"self":[{"href":"https:\/\/archive.sana.sy\/tr\/index.php?rest_route=\/wp\/v2\/posts\/323386","targetHints":{"allow":["GET"]}}],"collection":[{"href":"https:\/\/archive.sana.sy\/tr\/index.php?rest_route=\/wp\/v2\/posts"}],"about":[{"href":"https:\/\/archive.sana.sy\/tr\/index.php?rest_route=\/wp\/v2\/types\/post"}],"author":[{"embeddable":true,"href":"https:\/\/archive.sana.sy\/tr\/index.php?rest_route=\/wp\/v2\/users\/39"}],"replies":[{"embeddable":true,"href":"https:\/\/archive.sana.sy\/tr\/index.php?rest_route=%2Fwp%2Fv2%2Fcomments&post=323386"}],"version-history":[{"count":4,"href":"https:\/\/archive.sana.sy\/tr\/index.php?rest_route=\/wp\/v2\/posts\/323386\/revisions"}],"predecessor-version":[{"id":323456,"href":"https:\/\/archive.sana.sy\/tr\/index.php?rest_route=\/wp\/v2\/posts\/323386\/revisions\/323456"}],"wp:featuredmedia":[{"embeddable":true,"href":"https:\/\/archive.sana.sy\/tr\/index.php?rest_route=\/wp\/v2\/media\/323387"}],"wp:attachment":[{"href":"https:\/\/archive.sana.sy\/tr\/index.php?rest_route=%2Fwp%2Fv2%2Fmedia&parent=323386"}],"wp:term":[{"taxonomy":"category","embeddable":true,"href":"https:\/\/archive.sana.sy\/tr\/index.php?rest_route=%2Fwp%2Fv2%2Fcategories&post=323386"},{"taxonomy":"post_tag","embeddable":true,"href":"https:\/\/archive.sana.sy\/tr\/index.php?rest_route=%2Fwp%2Fv2%2Ftags&post=323386"}],"curies":[{"name":"wp","href":"https:\/\/api.w.org\/{rel}","templated":true}]}}