{"id":323399,"date":"2025-06-19T11:29:47","date_gmt":"2025-06-19T08:29:47","guid":{"rendered":"https:\/\/sana.sy\/tr\/?p=323399"},"modified":"2025-06-19T17:51:46","modified_gmt":"2025-06-19T14:51:46","slug":"grandi-aralik-ayindan-bu-yana-iki-milyondan-fazla-multeci-suriyeye-geri-dondu","status":"publish","type":"post","link":"https:\/\/archive.sana.sy\/tr\/?p=323399","title":{"rendered":"Grandi: Aral\u0131k Ay\u0131ndan Bu Yana \u0130ki Milyondan Fazla M\u00fclteci Suriye&#8217;ye Geri D\u00f6nd\u00fc"},"content":{"rendered":"<p><strong><span style=\"color: #ff0000;\">CENEVRE (SANA)<\/span> &#8211;<\/strong> BM M\u00fclteciler Y\u00fcksek Komiseri Filippo Grandi, ge\u00e7en Aral\u0131k ay\u0131ndan bu yana iki milyondan fazla Suriyeli m\u00fclteci ve yerinden edilmi\u015f ki\u015finin evlerine d\u00f6nd\u00fc\u011f\u00fcn\u00fc duyurdu.<\/p>\n<p>Grandi, bug\u00fcn X platformunda yapt\u0131\u011f\u0131 payla\u015f\u0131mda \u015funlar\u0131 s\u00f6yledi: &#8220;Ge\u00e7ti\u011fimiz aral\u0131k ay\u0131ndan bu yana iki milyondan fazla Suriyeli m\u00fclteci ve yerinden edilmi\u015f ki\u015fi evlerine geri d\u00f6nd\u00fc. Bu, artan b\u00f6lgesel gerginlikler ortas\u0131nda bir umut i\u015fareti&#8221;.<\/p>\n<p>Grandi ayr\u0131ca, &#8220;Bu, istikrars\u0131zl\u0131k ve yerinden edilme dalgas\u0131na de\u011fil, siyasi \u00e7\u00f6z\u00fcmlere ihtiyac\u0131m\u0131z oldu\u011funu kan\u0131tl\u0131yor&#8221; ifadelerini kulland\u0131.<\/p>\n","protected":false},"excerpt":{"rendered":"<p>CENEVRE (SANA) &#8211; BM M\u00fclteciler Y\u00fcksek Komiseri Filippo Grandi, ge\u00e7en Aral\u0131k ay\u0131ndan bu yana iki milyondan fazla Suriyeli m\u00fclteci ve yerinden edilmi\u015f ki\u015finin evlerine d\u00f6nd\u00fc\u011f\u00fcn\u00fc duyurdu. Grandi, bug\u00fcn X platformunda yapt\u0131\u011f\u0131 payla\u015f\u0131mda \u015funlar\u0131 s\u00f6yledi: &#8220;Ge\u00e7ti\u011fimiz aral\u0131k ay\u0131ndan bu yana iki milyondan fazla Suriyeli m\u00fclteci ve yerinden edilmi\u015f ki\u015fi evlerine geri d\u00f6nd\u00fc. Bu, artan b\u00f6lgesel gerginlikler &hellip;<\/p>\n","protected":false},"author":39,"featured_media":323406,"comment_status":"closed","ping_status":"closed","sticky":false,"template":"","format":"standard","meta":{"footnotes":""},"categories":[458,589,459,17988],"tags":[],"class_list":["post-323399","post","type-post","status-publish","format-standard","has-post-thumbnail","","category-dunya1","category-haber-seridi","category-haberler-arap-uluslararasi-politika","category-son-haberler"],"_links":{"self":[{"href":"https:\/\/archive.sana.sy\/tr\/index.php?rest_route=\/wp\/v2\/posts\/323399","targetHints":{"allow":["GET"]}}],"collection":[{"href":"https:\/\/archive.sana.sy\/tr\/index.php?rest_route=\/wp\/v2\/posts"}],"about":[{"href":"https:\/\/archive.sana.sy\/tr\/index.php?rest_route=\/wp\/v2\/types\/post"}],"author":[{"embeddable":true,"href":"https:\/\/archive.sana.sy\/tr\/index.php?rest_route=\/wp\/v2\/users\/39"}],"replies":[{"embeddable":true,"href":"https:\/\/archive.sana.sy\/tr\/index.php?rest_route=%2Fwp%2Fv2%2Fcomments&post=323399"}],"version-history":[{"count":3,"href":"https:\/\/archive.sana.sy\/tr\/index.php?rest_route=\/wp\/v2\/posts\/323399\/revisions"}],"predecessor-version":[{"id":323457,"href":"https:\/\/archive.sana.sy\/tr\/index.php?rest_route=\/wp\/v2\/posts\/323399\/revisions\/323457"}],"wp:featuredmedia":[{"embeddable":true,"href":"https:\/\/archive.sana.sy\/tr\/index.php?rest_route=\/wp\/v2\/media\/323406"}],"wp:attachment":[{"href":"https:\/\/archive.sana.sy\/tr\/index.php?rest_route=%2Fwp%2Fv2%2Fmedia&parent=323399"}],"wp:term":[{"taxonomy":"category","embeddable":true,"href":"https:\/\/archive.sana.sy\/tr\/index.php?rest_route=%2Fwp%2Fv2%2Fcategories&post=323399"},{"taxonomy":"post_tag","embeddable":true,"href":"https:\/\/archive.sana.sy\/tr\/index.php?rest_route=%2Fwp%2Fv2%2Ftags&post=323399"}],"curies":[{"name":"wp","href":"https:\/\/api.w.org\/{rel}","templated":true}]}}