{"id":3234,"date":"2014-06-16T09:50:57","date_gmt":"2014-06-16T06:50:57","guid":{"rendered":"http:\/\/sanasyria.org\/tr\/?p=3234"},"modified":"2014-06-19T12:59:21","modified_gmt":"2014-06-19T09:59:21","slug":"firat-nehrinde-su-oraninin-dususu-endise-kaynagi-degildir","status":"publish","type":"post","link":"https:\/\/archive.sana.sy\/tr\/?p=3234","title":{"rendered":"F\u0131rat Nehrinde Su Oran\u0131n\u0131n D\u00fc\u015f\u00fc\u015f\u00fc Endi\u015fe Kayna\u011f\u0131 De\u011fildir"},"content":{"rendered":"<p><span>\u015eAM \u2013<\/span> Su Kaynaklar\u0131 Bakan\u0131 Bessam Hanna; Suriye ve halk\u0131na \u015fiddet ve ter\u00f6r provokasyonu yapan kimi medya ara\u00e7lar\u0131nda F\u0131rat Nehri meselesine ili\u015fkin yay\u0131nlanan haberlerin asl\u0131 ger\u00e7e\u011fi olmayan abart\u0131l\u0131 haberler oldu\u011funu belirtti.<\/p>\n<p>Halk Meclisinde Halep Milletvekilleri ile bug\u00fcn bir araya gelen Bakan Hanna; F\u0131rat nehrinde su oran\u0131nda kaydedilen d\u00fc\u015f\u00fc\u015f\u00fcn pek fazla olmad\u0131\u011f\u0131na vebu d\u00fc\u015f\u00fc\u015f\u00fcn daha \u00f6nce de ya\u015fand\u0131\u011f\u0131na i\u015faret ederek, bunun korku yada endi\u015fe kayna\u011f\u0131 olmad\u0131\u011f\u0131n\u0131 belirtti.<\/p>\n<p>Hanna ter\u00f6r yanl\u0131s\u0131 kimi medya ara\u00e7lar\u0131n\u0131n ter\u00f6r ve destek\u00e7ilerine kar\u015f\u0131 acim ve kararl\u0131l\u0131kla m\u00fccadelede eden onurlu ve yurtsever Suriye halk\u0131n\u0131n psikolojilerini etkilemek amac\u0131yla F\u0131rat Nehrine ili\u015fkin haberleri abartt\u0131klar\u0131na dikkat \u00e7ekti.<\/p>\n<p>Bakan Hanna Halep \u0130linin tan\u0131k oldu\u011fu i\u00e7me suyu meselesinin, suyun azl\u0131\u011f\u0131ndan de\u011fil de d\u0131\u015f g\u00fc\u00e7lerin patronajl\u0131\u011f\u0131ndaki ter\u00f6r \u00e7etelerinin su borular\u0131 ve \u015febekelerini sabote etme eylemlerinden kaynakland\u0131\u011f\u0131n\u0131 s\u00f6yledi.<\/p>\n","protected":false},"excerpt":{"rendered":"<p>\u015eAM \u2013 Su Kaynaklar\u0131 Bakan\u0131 Bessam Hanna; Suriye ve halk\u0131na \u015fiddet ve ter\u00f6r provokasyonu yapan kimi medya ara\u00e7lar\u0131nda F\u0131rat Nehri meselesine ili\u015fkin yay\u0131nlanan haberlerin asl\u0131 ger\u00e7e\u011fi olmayan abart\u0131l\u0131 haberler oldu\u011funu belirtti. Halk Meclisinde Halep Milletvekilleri ile bug\u00fcn bir araya gelen Bakan Hanna; F\u0131rat nehrinde su oran\u0131nda kaydedilen d\u00fc\u015f\u00fc\u015f\u00fcn pek fazla olmad\u0131\u011f\u0131na vebu d\u00fc\u015f\u00fc\u015f\u00fcn daha \u00f6nce &hellip;<\/p>\n","protected":false},"author":1,"featured_media":3235,"comment_status":"closed","ping_status":"closed","sticky":false,"template":"","format":"standard","meta":{"footnotes":""},"categories":[485,486],"tags":[712],"class_list":["post-3234","post","type-post","status-publish","format-standard","has-post-thumbnail","","category-is-ve-sermaye","category-haberler-is-ve-sermaye","tag-firat-nehrinde-su-oraninin-dususu-endise-kaynagi-degildir"],"_links":{"self":[{"href":"https:\/\/archive.sana.sy\/tr\/index.php?rest_route=\/wp\/v2\/posts\/3234","targetHints":{"allow":["GET"]}}],"collection":[{"href":"https:\/\/archive.sana.sy\/tr\/index.php?rest_route=\/wp\/v2\/posts"}],"about":[{"href":"https:\/\/archive.sana.sy\/tr\/index.php?rest_route=\/wp\/v2\/types\/post"}],"author":[{"embeddable":true,"href":"https:\/\/archive.sana.sy\/tr\/index.php?rest_route=\/wp\/v2\/users\/1"}],"replies":[{"embeddable":true,"href":"https:\/\/archive.sana.sy\/tr\/index.php?rest_route=%2Fwp%2Fv2%2Fcomments&post=3234"}],"version-history":[{"count":0,"href":"https:\/\/archive.sana.sy\/tr\/index.php?rest_route=\/wp\/v2\/posts\/3234\/revisions"}],"wp:featuredmedia":[{"embeddable":true,"href":"https:\/\/archive.sana.sy\/tr\/index.php?rest_route=\/wp\/v2\/media\/3235"}],"wp:attachment":[{"href":"https:\/\/archive.sana.sy\/tr\/index.php?rest_route=%2Fwp%2Fv2%2Fmedia&parent=3234"}],"wp:term":[{"taxonomy":"category","embeddable":true,"href":"https:\/\/archive.sana.sy\/tr\/index.php?rest_route=%2Fwp%2Fv2%2Fcategories&post=3234"},{"taxonomy":"post_tag","embeddable":true,"href":"https:\/\/archive.sana.sy\/tr\/index.php?rest_route=%2Fwp%2Fv2%2Ftags&post=3234"}],"curies":[{"name":"wp","href":"https:\/\/api.w.org\/{rel}","templated":true}]}}