{"id":323402,"date":"2025-06-19T11:25:48","date_gmt":"2025-06-19T08:25:48","guid":{"rendered":"https:\/\/sana.sy\/tr\/?p=323402"},"modified":"2025-06-19T17:53:55","modified_gmt":"2025-06-19T14:53:55","slug":"suriye-italya-gorusmeleri-iletisim-ve-bilisim-teknolojileri-alaninda-is-birliginin-gelistirilmesi-ele-alindi","status":"publish","type":"post","link":"https:\/\/archive.sana.sy\/tr\/?p=323402","title":{"rendered":"\u0130leti\u015fim Ve Bili\u015fim Teknolojileri Alan\u0131nda \u0130\u015f Birli\u011finin Geli\u015ftirilmesi Amac\u0131yla Suriye-\u0130talya G\u00f6r\u00fc\u015fmeleri Ger\u00e7ekle\u015fti"},"content":{"rendered":"<p style=\"text-align: justify;\"><strong><span style=\"color: #ff0000;\">\u015eAM (SANA)<\/span> \u2013<\/strong> Suriye \u0130leti\u015fim ve Bili\u015fim Teknolojileri Bakan\u0131 Abdulselam Heykal ile \u0130talya&#8217;n\u0131n Suriye B\u00fcy\u00fckel\u00e7isi Stefano Ravanian, ileti\u015fim ve bili\u015fim teknolojileri alan\u0131nda ikili i\u015f birli\u011finin geli\u015ftirilmesi yollar\u0131n\u0131 g\u00f6r\u00fc\u015ft\u00fc.<\/p>\n<p style=\"text-align: justify;\">Bakan Heykal, g\u00f6r\u00fc\u015fme s\u0131ras\u0131nda Suriye&#8217;nin dijital altyap\u0131s\u0131n\u0131n geli\u015ftirilmesine y\u00f6nelik devam eden plan ve programlar\u0131 aktard\u0131. Bu kapsamda, \u00fclkeyi b\u00f6lgesel ve uluslararas\u0131 bir internet merkezi haline getirmeyi hedefleyen &#8220;\u0130pek Ba\u011flant\u0131 Projesi&#8221; (Silk Link) ile &#8220;Barq Net Projesi&#8221; gibi giri\u015fimlerden bahsetti.<\/p>\n<p style=\"text-align: justify;\">&#8221;Barq Net&#8221; Projesi, fiber optik a\u011f\u0131n geni\u015fletilerek ultra y\u00fcksek h\u0131zl\u0131 internet hizmeti sunmay\u0131 ve iki y\u0131l i\u00e7inde Suriye&#8217;deki evlerin ve kurumlar\u0131n %85&#8217;ini bu a\u011fa ba\u011flamay\u0131 ama\u00e7l\u0131yor.<\/p>\n<p style=\"text-align: justify;\">\u0130talya B\u00fcy\u00fckel\u00e7isi Ravanian ise, iki \u00fclke aras\u0131ndaki ili\u015fkilerin yeniden canlanmas\u0131ndan duydu\u011fu memnuniyeti dile getirirken, \u0130talyan \u015firketlerinin, Suriye&#8217;nin ileti\u015fim ve bili\u015fim teknolojileri sekt\u00f6r\u00fcn\u00fc her alanda desteklemeye ve uzmanl\u0131klar\u0131n\u0131 sunmaya haz\u0131r oldu\u011funu vurgulad\u0131.<\/p>\n","protected":false},"excerpt":{"rendered":"<p>\u015eAM (SANA) \u2013 Suriye \u0130leti\u015fim ve Bili\u015fim Teknolojileri Bakan\u0131 Abdulselam Heykal ile \u0130talya&#8217;n\u0131n Suriye B\u00fcy\u00fckel\u00e7isi Stefano Ravanian, ileti\u015fim ve bili\u015fim teknolojileri alan\u0131nda ikili i\u015f birli\u011finin geli\u015ftirilmesi yollar\u0131n\u0131 g\u00f6r\u00fc\u015ft\u00fc. Bakan Heykal, g\u00f6r\u00fc\u015fme s\u0131ras\u0131nda Suriye&#8217;nin dijital altyap\u0131s\u0131n\u0131n geli\u015ftirilmesine y\u00f6nelik devam eden plan ve programlar\u0131 aktard\u0131. Bu kapsamda, \u00fclkeyi b\u00f6lgesel ve uluslararas\u0131 bir internet merkezi haline getirmeyi hedefleyen &hellip;<\/p>\n","protected":false},"author":39,"featured_media":323403,"comment_status":"closed","ping_status":"closed","sticky":false,"template":"","format":"standard","meta":{"footnotes":""},"categories":[589,479,17988,478],"tags":[],"class_list":["post-323402","post","type-post","status-publish","format-standard","has-post-thumbnail","","category-haber-seridi","category-haberler-yerel","category-son-haberler","category-yerel"],"_links":{"self":[{"href":"https:\/\/archive.sana.sy\/tr\/index.php?rest_route=\/wp\/v2\/posts\/323402","targetHints":{"allow":["GET"]}}],"collection":[{"href":"https:\/\/archive.sana.sy\/tr\/index.php?rest_route=\/wp\/v2\/posts"}],"about":[{"href":"https:\/\/archive.sana.sy\/tr\/index.php?rest_route=\/wp\/v2\/types\/post"}],"author":[{"embeddable":true,"href":"https:\/\/archive.sana.sy\/tr\/index.php?rest_route=\/wp\/v2\/users\/39"}],"replies":[{"embeddable":true,"href":"https:\/\/archive.sana.sy\/tr\/index.php?rest_route=%2Fwp%2Fv2%2Fcomments&post=323402"}],"version-history":[{"count":4,"href":"https:\/\/archive.sana.sy\/tr\/index.php?rest_route=\/wp\/v2\/posts\/323402\/revisions"}],"predecessor-version":[{"id":323459,"href":"https:\/\/archive.sana.sy\/tr\/index.php?rest_route=\/wp\/v2\/posts\/323402\/revisions\/323459"}],"wp:featuredmedia":[{"embeddable":true,"href":"https:\/\/archive.sana.sy\/tr\/index.php?rest_route=\/wp\/v2\/media\/323403"}],"wp:attachment":[{"href":"https:\/\/archive.sana.sy\/tr\/index.php?rest_route=%2Fwp%2Fv2%2Fmedia&parent=323402"}],"wp:term":[{"taxonomy":"category","embeddable":true,"href":"https:\/\/archive.sana.sy\/tr\/index.php?rest_route=%2Fwp%2Fv2%2Fcategories&post=323402"},{"taxonomy":"post_tag","embeddable":true,"href":"https:\/\/archive.sana.sy\/tr\/index.php?rest_route=%2Fwp%2Fv2%2Ftags&post=323402"}],"curies":[{"name":"wp","href":"https:\/\/api.w.org\/{rel}","templated":true}]}}