{"id":323407,"date":"2025-06-19T12:43:23","date_gmt":"2025-06-19T09:43:23","guid":{"rendered":"https:\/\/sana.sy\/tr\/?p=323407"},"modified":"2025-06-19T17:40:07","modified_gmt":"2025-06-19T14:40:07","slug":"israil-iran-bombardimaninin-kalintilari-dera-ve-kuneytraya-dustu","status":"publish","type":"post","link":"https:\/\/archive.sana.sy\/tr\/?p=323407","title":{"rendered":"\u0130srail-\u0130ran Bombard\u0131man\u0131n\u0131n Kal\u0131nt\u0131lar\u0131 Dera Ve Kuneytra&#8217;ya D\u00fc\u015ft\u00fc"},"content":{"rendered":"<p style=\"text-align: justify;\"><strong><span style=\"color: #ff0000;\">DERA- KUNEYTRA (SANA)<\/span> &#8211; <\/strong>\u0130srail-\u0130ran kar\u015f\u0131l\u0131kl\u0131 bombard\u0131man\u0131n\u0131n kal\u0131nt\u0131lar\u0131 bug\u00fcn Dera ve Kuneytra&#8217;ya d\u00fc\u015ft\u00fc, herhangi bir maddi veya insani hasar kaydedilmedi.<\/p>\n<p style=\"text-align: justify;\">SANA muhabiri, yerel kaynaklardan naklen, bombalaman\u0131n kal\u0131nt\u0131lar\u0131n\u0131n Dera kenti ile bat\u0131 k\u0131rsal\u0131ndaki El Yaduda kasabas\u0131 aras\u0131ndaki b\u00f6lgeye, ayr\u0131ca Sahm El Colan, Tafas, El Acami, Clin b\u00f6lgelerine ve Dera&#8217;n\u0131n bat\u0131s\u0131ndaki Yermuk banliy\u00f6s\u00fc yak\u0131n\u0131ndaki El Maftara b\u00f6lgesine d\u00fc\u015ft\u00fc\u011f\u00fcn\u00fc dile getirdi.<\/p>\n<p style=\"text-align: justify;\">Muhabir ayr\u0131ca, bombalaman\u0131n kal\u0131nt\u0131lar\u0131n\u0131n, Kuneytra k\u0131rsal\u0131ndaki Neba El Sahr kasabas\u0131na da d\u00fc\u015ft\u00fc\u011f\u00fcn\u00fc, herhangi bir hasara yol a\u00e7mad\u0131\u011f\u0131n\u0131 kaydetti.<\/p>\n<p style=\"text-align: justify;\">Dera Sa\u011fl\u0131k M\u00fcd\u00fcr\u00fc Dr. Ziyad El Mahamid, \u0130srail-\u0130ran bombard\u0131man\u0131n\u0131n herhangi bir can kayb\u0131na yol a\u00e7mad\u0131\u011f\u0131n\u0131 a\u00e7\u0131klad\u0131.<\/p>\n<div id='gallery-1' class='gallery galleryid-323407 gallery-columns-2 gallery-size-full'><figure class='gallery-item'>\n\t\t\t<div class='gallery-icon portrait'>\n\t\t\t\t<a href='https:\/\/archive.sana.sy\/tr\/wp-content\/uploads\/2025\/06\/photo_2025-06-19_12-07-14.jpg'><img loading=\"lazy\" decoding=\"async\" width=\"1080\" height=\"1193\" src=\"https:\/\/archive.sana.sy\/tr\/wp-content\/uploads\/2025\/06\/photo_2025-06-19_12-07-14.jpg\" class=\"attachment-full size-full\" alt=\"\" srcset=\"https:\/\/archive.sana.sy\/tr\/wp-content\/uploads\/2025\/06\/photo_2025-06-19_12-07-14.jpg 1080w, https:\/\/archive.sana.sy\/tr\/wp-content\/uploads\/2025\/06\/photo_2025-06-19_12-07-14-272x300.jpg 272w, https:\/\/archive.sana.sy\/tr\/wp-content\/uploads\/2025\/06\/photo_2025-06-19_12-07-14-927x1024.jpg 927w, https:\/\/archive.sana.sy\/tr\/wp-content\/uploads\/2025\/06\/photo_2025-06-19_12-07-14-768x848.jpg 768w\" sizes=\"auto, (max-width: 1080px) 100vw, 1080px\" \/><\/a>\n\t\t\t<\/div><\/figure><figure class='gallery-item'>\n\t\t\t<div class='gallery-icon portrait'>\n\t\t\t\t<a href='https:\/\/archive.sana.sy\/tr\/wp-content\/uploads\/2025\/06\/photo_2025-06-19_12-07-17.jpg'><img loading=\"lazy\" decoding=\"async\" width=\"552\" height=\"596\" src=\"https:\/\/archive.sana.sy\/tr\/wp-content\/uploads\/2025\/06\/photo_2025-06-19_12-07-17.jpg\" class=\"attachment-full size-full\" alt=\"\" srcset=\"https:\/\/archive.sana.sy\/tr\/wp-content\/uploads\/2025\/06\/photo_2025-06-19_12-07-17.jpg 552w, https:\/\/archive.sana.sy\/tr\/wp-content\/uploads\/2025\/06\/photo_2025-06-19_12-07-17-278x300.jpg 278w\" sizes=\"auto, (max-width: 552px) 100vw, 552px\" \/><\/a>\n\t\t\t<\/div><\/figure>\n\t\t<\/div>\n\n","protected":false},"excerpt":{"rendered":"<p>DERA- KUNEYTRA (SANA) &#8211; \u0130srail-\u0130ran kar\u015f\u0131l\u0131kl\u0131 bombard\u0131man\u0131n\u0131n kal\u0131nt\u0131lar\u0131 bug\u00fcn Dera ve Kuneytra&#8217;ya d\u00fc\u015ft\u00fc, herhangi bir maddi veya insani hasar kaydedilmedi. SANA muhabiri, yerel kaynaklardan naklen, bombalaman\u0131n kal\u0131nt\u0131lar\u0131n\u0131n Dera kenti ile bat\u0131 k\u0131rsal\u0131ndaki El Yaduda kasabas\u0131 aras\u0131ndaki b\u00f6lgeye, ayr\u0131ca Sahm El Colan, Tafas, El Acami, Clin b\u00f6lgelerine ve Dera&#8217;n\u0131n bat\u0131s\u0131ndaki Yermuk banliy\u00f6s\u00fc yak\u0131n\u0131ndaki El Maftara b\u00f6lgesine &hellip;<\/p>\n","protected":false},"author":39,"featured_media":323408,"comment_status":"closed","ping_status":"closed","sticky":false,"template":"","format":"standard","meta":{"footnotes":""},"categories":[589,479,17988,478],"tags":[],"class_list":["post-323407","post","type-post","status-publish","format-standard","has-post-thumbnail","","category-haber-seridi","category-haberler-yerel","category-son-haberler","category-yerel"],"_links":{"self":[{"href":"https:\/\/archive.sana.sy\/tr\/index.php?rest_route=\/wp\/v2\/posts\/323407","targetHints":{"allow":["GET"]}}],"collection":[{"href":"https:\/\/archive.sana.sy\/tr\/index.php?rest_route=\/wp\/v2\/posts"}],"about":[{"href":"https:\/\/archive.sana.sy\/tr\/index.php?rest_route=\/wp\/v2\/types\/post"}],"author":[{"embeddable":true,"href":"https:\/\/archive.sana.sy\/tr\/index.php?rest_route=\/wp\/v2\/users\/39"}],"replies":[{"embeddable":true,"href":"https:\/\/archive.sana.sy\/tr\/index.php?rest_route=%2Fwp%2Fv2%2Fcomments&post=323407"}],"version-history":[{"count":4,"href":"https:\/\/archive.sana.sy\/tr\/index.php?rest_route=\/wp\/v2\/posts\/323407\/revisions"}],"predecessor-version":[{"id":323455,"href":"https:\/\/archive.sana.sy\/tr\/index.php?rest_route=\/wp\/v2\/posts\/323407\/revisions\/323455"}],"wp:featuredmedia":[{"embeddable":true,"href":"https:\/\/archive.sana.sy\/tr\/index.php?rest_route=\/wp\/v2\/media\/323408"}],"wp:attachment":[{"href":"https:\/\/archive.sana.sy\/tr\/index.php?rest_route=%2Fwp%2Fv2%2Fmedia&parent=323407"}],"wp:term":[{"taxonomy":"category","embeddable":true,"href":"https:\/\/archive.sana.sy\/tr\/index.php?rest_route=%2Fwp%2Fv2%2Fcategories&post=323407"},{"taxonomy":"post_tag","embeddable":true,"href":"https:\/\/archive.sana.sy\/tr\/index.php?rest_route=%2Fwp%2Fv2%2Ftags&post=323407"}],"curies":[{"name":"wp","href":"https:\/\/api.w.org\/{rel}","templated":true}]}}