{"id":323414,"date":"2025-06-19T12:59:49","date_gmt":"2025-06-19T09:59:49","guid":{"rendered":"https:\/\/sana.sy\/tr\/?p=323414"},"modified":"2025-06-19T17:36:35","modified_gmt":"2025-06-19T14:36:35","slug":"iki-abdli-senator-sezar-suriye-sivil-koruma-yasasinin-iptali-icin-yasa-teklifi-sundu","status":"publish","type":"post","link":"https:\/\/archive.sana.sy\/tr\/?p=323414","title":{"rendered":"\u0130ki ABD&#8217;li Senat\u00f6r, Sezar Suriye Sivil Koruma Yasas\u0131n\u0131n \u0130ptali \u0130\u00e7in Yasa Teklifi Sundu"},"content":{"rendered":"<p style=\"text-align: justify;\"><strong><span style=\"color: #ff0000;\">VA\u015e\u0130NGTON (SANA)<\/span> &#8211; <\/strong>ABD Senatosu&#8217;nun D\u0131\u015f \u0130li\u015fkiler Komitesi&#8217;nin \u00f6nde gelen Demokrat \u00fcyelerinden Jeanne Shaheen ve Cumhuriyet\u00e7i Senat\u00f6r Rand Paul, 2019&#8217;da y\u00fcr\u00fcrl\u00fc\u011fe giren &#8220;Sezar Suriye Sivil Koruma Yasas\u0131&#8221;n\u0131 iptal etmeyi ama\u00e7layan yeni bir yasa teklifi sundu.<\/p>\n<p style=\"text-align: justify;\">D\u0131\u015f \u0130li\u015fkiler Komitesi&#8217;nin web sitesinde yay\u0131nlanan ortak a\u00e7\u0131klamada, &#8220;Bu yasa teklifi, Sezar Yasas\u0131&#8217;n\u0131n Esad rejimini izole etmede ba\u015far\u0131l\u0131 olmas\u0131na ra\u011fmen, art\u0131k Suriye&#8217;de istikrar, yeniden in\u015fa ve demokratik d\u00f6n\u00fc\u015f\u00fcm\u00fcn \u00f6n\u00fcnde bir engel haline geldi\u011finin giderek daha fazla fark edilmesini yans\u0131t\u0131yor&#8221; denildi.<\/p>\n<p style=\"text-align: justify;\">A\u00e7\u0131klamada ayr\u0131ca, &#8220;Sezar Yasas\u0131&#8217;n\u0131n iptali, bu yasa kapsam\u0131nda uygulanan geni\u015f kapsaml\u0131 ekonomik yapt\u0131r\u0131mlar\u0131 sona erdirecek, ancak Suriyeli yetkililerin hesap vermesini sa\u011flayacak ABD ara\u00e7lar\u0131 korunacakt\u0131r&#8221; ifadelerine yer verildi.<\/p>\n<p style=\"text-align: justify;\">Senat\u00f6r Shaheen, yasa teklifine ili\u015fkin yapt\u0131\u011f\u0131 a\u00e7\u0131klamada, &#8220;Suriye halk\u0131, bug\u00fcn \u00fclkeleri ve t\u00fcm b\u00f6lge i\u00e7in yeni bir sayfa a\u00e7ma konusunda tarihi bir f\u0131rsata sahip&#8221; dedi. Shaheen a\u00e7\u0131klamas\u0131nda da, &#8220;Suriyeliler, \u0130ran ve Rusya&#8217;n\u0131n deste\u011fiyle demir yumrukla y\u00f6neten ac\u0131mas\u0131z Esad diktat\u00f6rl\u00fc\u011f\u00fcnden uzun s\u00fcredir ac\u0131 \u00e7ekti ve bu bask\u0131dan kurtulmak i\u00e7in y\u0131k\u0131c\u0131 bir i\u00e7 sava\u015f ya\u015fad\u0131&#8221; diyerek, ABD&#8217;nin Suriye \u00d6zel Temsilcisi Tom Barak&#8217;\u0131n Suriyelilerin demokrasi, istikrar ve g\u00fcvenlik \u00f6zlemlerini destekleme \u00e7abalar\u0131na tam deste\u011fini vurgulad\u0131.<\/p>\n<p style=\"text-align: justify;\"><img loading=\"lazy\" decoding=\"async\" class=\"size-medium wp-image-323416 alignright\" src=\"http:\/\/sana.sy\/tr\/wp-content\/uploads\/2025\/06\/\u0631\u0627\u0646\u062f-\u0628\u0648\u0644-300x168.jpg\" alt=\"\" width=\"300\" height=\"168\" srcset=\"https:\/\/archive.sana.sy\/tr\/wp-content\/uploads\/2025\/06\/\u0631\u0627\u0646\u062f-\u0628\u0648\u0644-300x168.jpg 300w, https:\/\/archive.sana.sy\/tr\/wp-content\/uploads\/2025\/06\/\u0631\u0627\u0646\u062f-\u0628\u0648\u0644.jpg 660w\" sizes=\"auto, (max-width: 300px) 100vw, 300px\" \/>Senat\u00f6r Rand Paul ise kapsaml\u0131 yapt\u0131r\u0131mlara kar\u015f\u0131 uzun s\u00fcredir devam eden muhalefetini yinelerken, &#8220;Masumlar\u0131 rejimlerden daha fazla etkileyen geni\u015f kapsaml\u0131 yapt\u0131r\u0131mlara her zaman kar\u015f\u0131 \u00e7\u0131kt\u0131m&#8221; diye devam etti.<\/p>\n<p style=\"text-align: justify;\">\u00a0&#8220;Sezar Yasas\u0131&#8217;n\u0131n amac\u0131 Esad rejimini izole etmekti, ancak yasa s\u0131radan Suriyelileri cezaland\u0131rmakla sonu\u00e7land\u0131, yoksullu\u011fu art\u0131rd\u0131, iyile\u015fme \u00e7abalar\u0131n\u0131 baltalad\u0131 ve bar\u0131\u015fa do\u011fru ilerlemeyi engelledi&#8221; de\u011ferlendirmesinde bulunan Paul, yasan\u0131n y\u00fcr\u00fcrl\u00fckten kald\u0131r\u0131lmas\u0131n\u0131n, destekledi\u011fimizi iddia etti\u011fimiz insanlara gereksiz yere ac\u0131 \u00e7ektirmeden k\u00f6t\u00fc akt\u00f6rlerin sorumlu tutulmas\u0131n\u0131 sa\u011flayan daha dengeli ve ilkeli bir yakla\u015f\u0131ma do\u011fru at\u0131lm\u0131\u015f bir ad\u0131m oldu\u011funu kaydetti.<\/p>\n","protected":false},"excerpt":{"rendered":"<p>VA\u015e\u0130NGTON (SANA) &#8211; ABD Senatosu&#8217;nun D\u0131\u015f \u0130li\u015fkiler Komitesi&#8217;nin \u00f6nde gelen Demokrat \u00fcyelerinden Jeanne Shaheen ve Cumhuriyet\u00e7i Senat\u00f6r Rand Paul, 2019&#8217;da y\u00fcr\u00fcrl\u00fc\u011fe giren &#8220;Sezar Suriye Sivil Koruma Yasas\u0131&#8221;n\u0131 iptal etmeyi ama\u00e7layan yeni bir yasa teklifi sundu. D\u0131\u015f \u0130li\u015fkiler Komitesi&#8217;nin web sitesinde yay\u0131nlanan ortak a\u00e7\u0131klamada, &#8220;Bu yasa teklifi, Sezar Yasas\u0131&#8217;n\u0131n Esad rejimini izole etmede ba\u015far\u0131l\u0131 olmas\u0131na ra\u011fmen, &hellip;<\/p>\n","protected":false},"author":39,"featured_media":323415,"comment_status":"closed","ping_status":"closed","sticky":false,"template":"","format":"standard","meta":{"footnotes":""},"categories":[458,589,459,17988],"tags":[],"class_list":["post-323414","post","type-post","status-publish","format-standard","has-post-thumbnail","","category-dunya1","category-haber-seridi","category-haberler-arap-uluslararasi-politika","category-son-haberler"],"_links":{"self":[{"href":"https:\/\/archive.sana.sy\/tr\/index.php?rest_route=\/wp\/v2\/posts\/323414","targetHints":{"allow":["GET"]}}],"collection":[{"href":"https:\/\/archive.sana.sy\/tr\/index.php?rest_route=\/wp\/v2\/posts"}],"about":[{"href":"https:\/\/archive.sana.sy\/tr\/index.php?rest_route=\/wp\/v2\/types\/post"}],"author":[{"embeddable":true,"href":"https:\/\/archive.sana.sy\/tr\/index.php?rest_route=\/wp\/v2\/users\/39"}],"replies":[{"embeddable":true,"href":"https:\/\/archive.sana.sy\/tr\/index.php?rest_route=%2Fwp%2Fv2%2Fcomments&post=323414"}],"version-history":[{"count":3,"href":"https:\/\/archive.sana.sy\/tr\/index.php?rest_route=\/wp\/v2\/posts\/323414\/revisions"}],"predecessor-version":[{"id":323454,"href":"https:\/\/archive.sana.sy\/tr\/index.php?rest_route=\/wp\/v2\/posts\/323414\/revisions\/323454"}],"wp:featuredmedia":[{"embeddable":true,"href":"https:\/\/archive.sana.sy\/tr\/index.php?rest_route=\/wp\/v2\/media\/323415"}],"wp:attachment":[{"href":"https:\/\/archive.sana.sy\/tr\/index.php?rest_route=%2Fwp%2Fv2%2Fmedia&parent=323414"}],"wp:term":[{"taxonomy":"category","embeddable":true,"href":"https:\/\/archive.sana.sy\/tr\/index.php?rest_route=%2Fwp%2Fv2%2Fcategories&post=323414"},{"taxonomy":"post_tag","embeddable":true,"href":"https:\/\/archive.sana.sy\/tr\/index.php?rest_route=%2Fwp%2Fv2%2Ftags&post=323414"}],"curies":[{"name":"wp","href":"https:\/\/api.w.org\/{rel}","templated":true}]}}