{"id":323418,"date":"2025-06-19T13:31:18","date_gmt":"2025-06-19T10:31:18","guid":{"rendered":"https:\/\/sana.sy\/tr\/?p=323418"},"modified":"2025-06-19T17:33:10","modified_gmt":"2025-06-19T14:33:10","slug":"turkiye-suriyeden-gelenlere-kara-sinir-kapilarini-aciyor","status":"publish","type":"post","link":"https:\/\/archive.sana.sy\/tr\/?p=323418","title":{"rendered":"T\u00fcrkiye, Suriye&#8217;den Gelenlere Kara S\u0131n\u0131r Kap\u0131lar\u0131n\u0131 A\u00e7\u0131yor"},"content":{"rendered":"<p style=\"text-align: justify;\"><strong><span style=\"color: #ff0000;\">\u015eAM (SANA)<\/span> &#8211;<\/strong> T\u00fcrkiye&#8217;nin \u015eam B\u00fcy\u00fckel\u00e7ili\u011fi, \u0130ran ile \u0130srail aras\u0131ndaki askeri gerginli\u011fin hava ula\u015f\u0131m\u0131n\u0131 aksatmas\u0131 nedeniyle Suriye&#8217;den geleceklere kara s\u0131n\u0131r kap\u0131lar\u0131n\u0131 a\u00e7t\u0131\u011f\u0131n\u0131 duyurdu.<\/p>\n<p style=\"text-align: justify;\">Anadolu Ajans\u0131, T\u00fcrkiye B\u00fcy\u00fckel\u00e7ili\u011fi&#8217;nin &#8220;X&#8221; platformunda yapt\u0131\u011f\u0131 a\u00e7\u0131klamada, &#8220;T\u00fcrkiye&#8217;den Suriye&#8217;ye hava yoluyla gelen T\u00fcrk ve Suriye vatanda\u015flar\u0131 ile di\u011fer \u00fclke vatanda\u015flar\u0131, u\u00e7ak biletlerini ve T\u00fcrkiye&#8217;de ikametlerini g\u00f6steren belgeleri ibraz etmeleri durumunda kara s\u0131n\u0131r kap\u0131lar\u0131ndan T\u00fcrkiye&#8217;ye girebilecekler&#8221; ifadelerine yer verildi.<\/p>\n<p style=\"text-align: justify;\">T\u00fcrkiye B\u00fcy\u00fckel\u00e7ili\u011fi ayr\u0131ca, bu \u015fartlar\u0131 ta\u015f\u0131yanlar\u0131n ek bir izne gerek kalmadan T\u00fcrkiye&#8217;ye karayoluyla seyahat edebilece\u011fini belirtti.<\/p>\n","protected":false},"excerpt":{"rendered":"<p>\u015eAM (SANA) &#8211; T\u00fcrkiye&#8217;nin \u015eam B\u00fcy\u00fckel\u00e7ili\u011fi, \u0130ran ile \u0130srail aras\u0131ndaki askeri gerginli\u011fin hava ula\u015f\u0131m\u0131n\u0131 aksatmas\u0131 nedeniyle Suriye&#8217;den geleceklere kara s\u0131n\u0131r kap\u0131lar\u0131n\u0131 a\u00e7t\u0131\u011f\u0131n\u0131 duyurdu. Anadolu Ajans\u0131, T\u00fcrkiye B\u00fcy\u00fckel\u00e7ili\u011fi&#8217;nin &#8220;X&#8221; platformunda yapt\u0131\u011f\u0131 a\u00e7\u0131klamada, &#8220;T\u00fcrkiye&#8217;den Suriye&#8217;ye hava yoluyla gelen T\u00fcrk ve Suriye vatanda\u015flar\u0131 ile di\u011fer \u00fclke vatanda\u015flar\u0131, u\u00e7ak biletlerini ve T\u00fcrkiye&#8217;de ikametlerini g\u00f6steren belgeleri ibraz etmeleri durumunda kara &hellip;<\/p>\n","protected":false},"author":39,"featured_media":323419,"comment_status":"closed","ping_status":"closed","sticky":false,"template":"","format":"standard","meta":{"footnotes":""},"categories":[589,479,17988,478],"tags":[],"class_list":["post-323418","post","type-post","status-publish","format-standard","has-post-thumbnail","","category-haber-seridi","category-haberler-yerel","category-son-haberler","category-yerel"],"_links":{"self":[{"href":"https:\/\/archive.sana.sy\/tr\/index.php?rest_route=\/wp\/v2\/posts\/323418","targetHints":{"allow":["GET"]}}],"collection":[{"href":"https:\/\/archive.sana.sy\/tr\/index.php?rest_route=\/wp\/v2\/posts"}],"about":[{"href":"https:\/\/archive.sana.sy\/tr\/index.php?rest_route=\/wp\/v2\/types\/post"}],"author":[{"embeddable":true,"href":"https:\/\/archive.sana.sy\/tr\/index.php?rest_route=\/wp\/v2\/users\/39"}],"replies":[{"embeddable":true,"href":"https:\/\/archive.sana.sy\/tr\/index.php?rest_route=%2Fwp%2Fv2%2Fcomments&post=323418"}],"version-history":[{"count":3,"href":"https:\/\/archive.sana.sy\/tr\/index.php?rest_route=\/wp\/v2\/posts\/323418\/revisions"}],"predecessor-version":[{"id":323452,"href":"https:\/\/archive.sana.sy\/tr\/index.php?rest_route=\/wp\/v2\/posts\/323418\/revisions\/323452"}],"wp:featuredmedia":[{"embeddable":true,"href":"https:\/\/archive.sana.sy\/tr\/index.php?rest_route=\/wp\/v2\/media\/323419"}],"wp:attachment":[{"href":"https:\/\/archive.sana.sy\/tr\/index.php?rest_route=%2Fwp%2Fv2%2Fmedia&parent=323418"}],"wp:term":[{"taxonomy":"category","embeddable":true,"href":"https:\/\/archive.sana.sy\/tr\/index.php?rest_route=%2Fwp%2Fv2%2Fcategories&post=323418"},{"taxonomy":"post_tag","embeddable":true,"href":"https:\/\/archive.sana.sy\/tr\/index.php?rest_route=%2Fwp%2Fv2%2Ftags&post=323418"}],"curies":[{"name":"wp","href":"https:\/\/api.w.org\/{rel}","templated":true}]}}