{"id":323429,"date":"2025-06-19T14:27:45","date_gmt":"2025-06-19T11:27:45","guid":{"rendered":"https:\/\/sana.sy\/tr\/?p=323429"},"modified":"2025-06-19T17:28:54","modified_gmt":"2025-06-19T14:28:54","slug":"suriye-azerbaycan-arasinda-yuksekogretim-ve-dijital-donusum-alaninda-is-birligi-gorusmeleri-gerceklestirildi","status":"publish","type":"post","link":"https:\/\/archive.sana.sy\/tr\/?p=323429","title":{"rendered":"Y\u00fcksek\u00f6\u011frenim Ve Dijital D\u00f6n\u00fc\u015f\u00fcm Alan\u0131nda \u0130\u015fbirli\u011fi Konusunda Suriye-Azerbaycan G\u00f6r\u00fc\u015fmeleri Ger\u00e7ekle\u015fti"},"content":{"rendered":"<p style=\"text-align: justify;\"><span style=\"color: #ff0000;\"><strong>\u015eAM (SANA) &#8211;<\/strong><\/span> Y\u00fcksek\u00f6\u011fretim ve Bilimsel Ara\u015ft\u0131rma Bakan\u0131 Dr. Mervan El Halabi, bug\u00fcn Azerbaycan Cumhuriyeti \u015eam B\u00fcy\u00fckel\u00e7ili\u011fi Maslahatg\u00fczar\u0131 Eln\u00fcr\u015fah H\u00fcseynov ile yapt\u0131\u011f\u0131 g\u00f6r\u00fc\u015fmede, y\u00fcksek\u00f6\u011fretim, bilimsel ara\u015ft\u0131rma, uzmanl\u0131k payla\u015f\u0131m\u0131, dijital d\u00f6n\u00fc\u015f\u00fcm ve siber g\u00fcvenlik alanlar\u0131ndaki i\u015f birli\u011fi konular\u0131n\u0131 ele ald\u0131.<\/p>\n<p style=\"text-align: justify;\"><img loading=\"lazy\" decoding=\"async\" class=\"size-full wp-image-323434 alignright\" src=\"http:\/\/sana.sy\/tr\/wp-content\/uploads\/2025\/06\/111111.jpg\" alt=\"\" width=\"300\" height=\"191\" \/>\u015eam&#8217;daki bakanl\u0131kta ger\u00e7ekle\u015fen g\u00f6r\u00fc\u015fmede, dijital d\u00f6n\u00fc\u015f\u00fcm ve siber g\u00fcvenlik alanlar\u0131nda i\u015f birli\u011fi yap\u0131lmas\u0131, Suriye \u00fcniversitelerinin standartlar\u0131n\u0131n ve akreditasyonunun y\u00fckseltilmesi, bilimsel ara\u015ft\u0131rmalarda ortak hibelerin yeniden etkinle\u015ftirilmesi, bu konuda ortak \u00e7al\u0131\u015fmalar haz\u0131rlanmas\u0131, yurt d\u0131\u015f\u0131nda yay\u0131n yap\u0131lmas\u0131, uzmanl\u0131k payla\u015f\u0131m\u0131nda bulunulmas\u0131 ve \u00e7al\u0131\u015ftaylar d\u00fczenlenmesi konular\u0131nda mutab\u0131k kal\u0131nd\u0131.<\/p>\n<p style=\"text-align: justify;\">Bakan El Halabi, bakanl\u0131\u011f\u0131n ikili g\u00f6r\u00fc\u015fmelerin \u00e7evrimi\u00e7i olarak yap\u0131lmas\u0131na ve iki taraf aras\u0131ndaki i\u015f birli\u011fini d\u00fczenlemek \u00fczere bir ileti\u015fim ve koordinasyon komitesi kurulmas\u0131na haz\u0131r oldu\u011funu belirtti.<\/p>\n<p style=\"text-align: justify;\">H\u00fcseynov ise, uzmanl\u0131k al\u0131\u015fveri\u015finde bulunma, elektronik sistemler geli\u015ftirme ve uluslararas\u0131 akreditasyon elde etme konusunda i\u015f birli\u011fi yapma olas\u0131l\u0131\u011f\u0131na i\u015faret ederek, \u00fclkesinin Suriyeli \u00f6\u011frencilere \u00f6zellikle t\u0131p, m\u00fchendislik ve teknoloji olmak \u00fczere \u00e7e\u015fitli alanlarda 25 burs tahsis etti\u011fini kaydetti.<\/p>\n<p style=\"text-align: justify;\">\n","protected":false},"excerpt":{"rendered":"<p>\u015eAM (SANA) &#8211; Y\u00fcksek\u00f6\u011fretim ve Bilimsel Ara\u015ft\u0131rma Bakan\u0131 Dr. Mervan El Halabi, bug\u00fcn Azerbaycan Cumhuriyeti \u015eam B\u00fcy\u00fckel\u00e7ili\u011fi Maslahatg\u00fczar\u0131 Eln\u00fcr\u015fah H\u00fcseynov ile yapt\u0131\u011f\u0131 g\u00f6r\u00fc\u015fmede, y\u00fcksek\u00f6\u011fretim, bilimsel ara\u015ft\u0131rma, uzmanl\u0131k payla\u015f\u0131m\u0131, dijital d\u00f6n\u00fc\u015f\u00fcm ve siber g\u00fcvenlik alanlar\u0131ndaki i\u015f birli\u011fi konular\u0131n\u0131 ele ald\u0131. \u015eam&#8217;daki bakanl\u0131kta ger\u00e7ekle\u015fen g\u00f6r\u00fc\u015fmede, dijital d\u00f6n\u00fc\u015f\u00fcm ve siber g\u00fcvenlik alanlar\u0131nda i\u015f birli\u011fi yap\u0131lmas\u0131, Suriye \u00fcniversitelerinin standartlar\u0131n\u0131n &hellip;<\/p>\n","protected":false},"author":39,"featured_media":323430,"comment_status":"closed","ping_status":"closed","sticky":false,"template":"","format":"standard","meta":{"footnotes":""},"categories":[589,479,17988,478],"tags":[],"class_list":["post-323429","post","type-post","status-publish","format-standard","has-post-thumbnail","","category-haber-seridi","category-haberler-yerel","category-son-haberler","category-yerel"],"_links":{"self":[{"href":"https:\/\/archive.sana.sy\/tr\/index.php?rest_route=\/wp\/v2\/posts\/323429","targetHints":{"allow":["GET"]}}],"collection":[{"href":"https:\/\/archive.sana.sy\/tr\/index.php?rest_route=\/wp\/v2\/posts"}],"about":[{"href":"https:\/\/archive.sana.sy\/tr\/index.php?rest_route=\/wp\/v2\/types\/post"}],"author":[{"embeddable":true,"href":"https:\/\/archive.sana.sy\/tr\/index.php?rest_route=\/wp\/v2\/users\/39"}],"replies":[{"embeddable":true,"href":"https:\/\/archive.sana.sy\/tr\/index.php?rest_route=%2Fwp%2Fv2%2Fcomments&post=323429"}],"version-history":[{"count":6,"href":"https:\/\/archive.sana.sy\/tr\/index.php?rest_route=\/wp\/v2\/posts\/323429\/revisions"}],"predecessor-version":[{"id":323450,"href":"https:\/\/archive.sana.sy\/tr\/index.php?rest_route=\/wp\/v2\/posts\/323429\/revisions\/323450"}],"wp:featuredmedia":[{"embeddable":true,"href":"https:\/\/archive.sana.sy\/tr\/index.php?rest_route=\/wp\/v2\/media\/323430"}],"wp:attachment":[{"href":"https:\/\/archive.sana.sy\/tr\/index.php?rest_route=%2Fwp%2Fv2%2Fmedia&parent=323429"}],"wp:term":[{"taxonomy":"category","embeddable":true,"href":"https:\/\/archive.sana.sy\/tr\/index.php?rest_route=%2Fwp%2Fv2%2Fcategories&post=323429"},{"taxonomy":"post_tag","embeddable":true,"href":"https:\/\/archive.sana.sy\/tr\/index.php?rest_route=%2Fwp%2Fv2%2Ftags&post=323429"}],"curies":[{"name":"wp","href":"https:\/\/api.w.org\/{rel}","templated":true}]}}