{"id":323440,"date":"2025-06-19T17:08:26","date_gmt":"2025-06-19T14:08:26","guid":{"rendered":"https:\/\/sana.sy\/tr\/?p=323440"},"modified":"2025-06-21T14:06:25","modified_gmt":"2025-06-21T11:06:25","slug":"cumhurbaskani-el-sara-ulusal-kayip-kisiler-komisyonu-baskani-ile-bir-araya-geldi","status":"publish","type":"post","link":"https:\/\/archive.sana.sy\/tr\/?p=323440","title":{"rendered":"Cumhurba\u015fkan\u0131 El \u015eara, Ulusal Kay\u0131p Ki\u015filer Komisyonu Ba\u015fkan\u0131 \u0130le Bir Araya Geldi"},"content":{"rendered":"<p style=\"text-align: justify;\"><span style=\"color: #ff0000;\"><strong>\u015eAM (SANA) &#8211;<\/strong><\/span> Cumhurba\u015fkan\u0131 Say\u0131n Ahmed El \u015eara, Ulusal Kay\u0131p Ki\u015filer Komisyonu Ba\u015fkan\u0131 Dr. Muhammed R\u0131za Celhi ile bir araya geldi.<\/p>\n<p style=\"text-align: justify;\">G\u00f6r\u00fc\u015fmede, Komisyonun \u00e7al\u0131\u015fmalar\u0131 g\u00f6zden ge\u00e7irildi ve uzmanlardan, kay\u0131p ki\u015filerin temsilcilerinden ve ilgili yetkililerden olu\u015fan bir dan\u0131\u015fma ekibinin olu\u015fturulmas\u0131yla ilgili pratik planlar ve prosed\u00fcrler g\u00f6r\u00fc\u015f\u00fcld\u00fc ve kay\u0131p ki\u015filer i\u00e7in kapsaml\u0131 bir ulusal veri taban\u0131 olu\u015fturulmas\u0131, dok\u00fcmantasyon s\u00fcre\u00e7lerinin d\u00fczenlenmesi ve kay\u0131p ki\u015filerin ailelerine manevi ve yasal destek sa\u011flanmas\u0131 konular\u0131na odaklan\u0131ld\u0131.<\/p>\n<p style=\"text-align: justify;\">G\u00f6r\u00fc\u015fmede ayr\u0131ca, kay\u0131p \u015fah\u0131slar\u0131n ve ailelerinin haklar\u0131n\u0131n korunmas\u0131n\u0131 sa\u011flamak amac\u0131yla, Komisyon&#8217;un \u00e7al\u0131\u015fmalar\u0131nda \u015feffafl\u0131k ve kat\u0131l\u0131mc\u0131l\u0131\u011f\u0131n temel ilke olarak benimsenmesinin gereklili\u011fi vurguland\u0131.<\/p>\n<div id='gallery-1' class='gallery galleryid-323440 gallery-columns-1 gallery-size-full'><figure class='gallery-item'>\n\t\t\t<div class='gallery-icon landscape'>\n\t\t\t\t<a href='https:\/\/archive.sana.sy\/tr\/?attachment_id=323446'><img loading=\"lazy\" decoding=\"async\" width=\"768\" height=\"431\" src=\"https:\/\/archive.sana.sy\/tr\/wp-content\/uploads\/2025\/06\/photo_2025-06-18_17-57-14-768x431-1.jpg\" class=\"attachment-full size-full\" alt=\"\" srcset=\"https:\/\/archive.sana.sy\/tr\/wp-content\/uploads\/2025\/06\/photo_2025-06-18_17-57-14-768x431-1.jpg 768w, https:\/\/archive.sana.sy\/tr\/wp-content\/uploads\/2025\/06\/photo_2025-06-18_17-57-14-768x431-1-300x168.jpg 300w\" sizes=\"auto, (max-width: 768px) 100vw, 768px\" \/><\/a>\n\t\t\t<\/div><\/figure><figure class='gallery-item'>\n\t\t\t<div class='gallery-icon landscape'>\n\t\t\t\t<a href='https:\/\/archive.sana.sy\/tr\/?attachment_id=323447'><img loading=\"lazy\" decoding=\"async\" width=\"768\" height=\"431\" src=\"https:\/\/archive.sana.sy\/tr\/wp-content\/uploads\/2025\/06\/photo_2025-06-18_17-57-16-2-768x431-1.jpg\" class=\"attachment-full size-full\" alt=\"\" srcset=\"https:\/\/archive.sana.sy\/tr\/wp-content\/uploads\/2025\/06\/photo_2025-06-18_17-57-16-2-768x431-1.jpg 768w, https:\/\/archive.sana.sy\/tr\/wp-content\/uploads\/2025\/06\/photo_2025-06-18_17-57-16-2-768x431-1-300x168.jpg 300w\" sizes=\"auto, (max-width: 768px) 100vw, 768px\" \/><\/a>\n\t\t\t<\/div><\/figure>\n\t\t<\/div>\n\n","protected":false},"excerpt":{"rendered":"<p>\u015eAM (SANA) &#8211; Cumhurba\u015fkan\u0131 Say\u0131n Ahmed El \u015eara, Ulusal Kay\u0131p Ki\u015filer Komisyonu Ba\u015fkan\u0131 Dr. Muhammed R\u0131za Celhi ile bir araya geldi. G\u00f6r\u00fc\u015fmede, Komisyonun \u00e7al\u0131\u015fmalar\u0131 g\u00f6zden ge\u00e7irildi ve uzmanlardan, kay\u0131p ki\u015filerin temsilcilerinden ve ilgili yetkililerden olu\u015fan bir dan\u0131\u015fma ekibinin olu\u015fturulmas\u0131yla ilgili pratik planlar ve prosed\u00fcrler g\u00f6r\u00fc\u015f\u00fcld\u00fc ve kay\u0131p ki\u015filer i\u00e7in kapsaml\u0131 bir ulusal veri taban\u0131 olu\u015fturulmas\u0131, &hellip;<\/p>\n","protected":false},"author":41,"featured_media":323441,"comment_status":"closed","ping_status":"closed","sticky":false,"template":"","format":"standard","meta":{"footnotes":""},"categories":[605,478],"tags":[],"class_list":["post-323440","post","type-post","status-publish","format-standard","has-post-thumbnail","","category-sayin-cumhurbaskani","category-yerel"],"_links":{"self":[{"href":"https:\/\/archive.sana.sy\/tr\/index.php?rest_route=\/wp\/v2\/posts\/323440","targetHints":{"allow":["GET"]}}],"collection":[{"href":"https:\/\/archive.sana.sy\/tr\/index.php?rest_route=\/wp\/v2\/posts"}],"about":[{"href":"https:\/\/archive.sana.sy\/tr\/index.php?rest_route=\/wp\/v2\/types\/post"}],"author":[{"embeddable":true,"href":"https:\/\/archive.sana.sy\/tr\/index.php?rest_route=\/wp\/v2\/users\/41"}],"replies":[{"embeddable":true,"href":"https:\/\/archive.sana.sy\/tr\/index.php?rest_route=%2Fwp%2Fv2%2Fcomments&post=323440"}],"version-history":[{"count":5,"href":"https:\/\/archive.sana.sy\/tr\/index.php?rest_route=\/wp\/v2\/posts\/323440\/revisions"}],"predecessor-version":[{"id":323546,"href":"https:\/\/archive.sana.sy\/tr\/index.php?rest_route=\/wp\/v2\/posts\/323440\/revisions\/323546"}],"wp:featuredmedia":[{"embeddable":true,"href":"https:\/\/archive.sana.sy\/tr\/index.php?rest_route=\/wp\/v2\/media\/323441"}],"wp:attachment":[{"href":"https:\/\/archive.sana.sy\/tr\/index.php?rest_route=%2Fwp%2Fv2%2Fmedia&parent=323440"}],"wp:term":[{"taxonomy":"category","embeddable":true,"href":"https:\/\/archive.sana.sy\/tr\/index.php?rest_route=%2Fwp%2Fv2%2Fcategories&post=323440"},{"taxonomy":"post_tag","embeddable":true,"href":"https:\/\/archive.sana.sy\/tr\/index.php?rest_route=%2Fwp%2Fv2%2Ftags&post=323440"}],"curies":[{"name":"wp","href":"https:\/\/api.w.org\/{rel}","templated":true}]}}