{"id":323462,"date":"2025-06-19T18:26:25","date_gmt":"2025-06-19T15:26:25","guid":{"rendered":"https:\/\/sana.sy\/tr\/?p=323462"},"modified":"2025-06-19T18:26:48","modified_gmt":"2025-06-19T15:26:48","slug":"suriye-havayollari-samdan-halepe-ucuslarini-transfer-etti","status":"publish","type":"post","link":"https:\/\/archive.sana.sy\/tr\/?p=323462","title":{"rendered":"Suriye Havayollar\u0131 \u015eam&#8217;dan Halep&#8217;e U\u00e7u\u015flar\u0131n\u0131 Transfer Etti"},"content":{"rendered":"<p style=\"text-align: justify;\"><span style=\"color: #ff0000;\"><strong>\u015eAM (SANA) &#8211;<\/strong><\/span>\u00a0\u00a0 Suriye Havayollar\u0131, \u015eam Uluslararas\u0131 Havaliman\u0131&#8217;na giden hava sahas\u0131 ve hava yollar\u0131n\u0131n kapal\u0131 kalmas\u0131 nedeniyle u\u00e7u\u015flar\u0131n\u0131n \u015eam Uluslararas\u0131 Havaliman\u0131&#8217;ndan Halep Uluslararas\u0131 Havaliman\u0131&#8217;na y\u00f6nlendirilmeye devam etti\u011fini duyurarak, \u015firket, bu karar\u0131n yolcu g\u00fcvenli\u011fini ve operasyonel s\u00fcreklili\u011fi sa\u011flamak i\u00e7in al\u0131nd\u0131\u011f\u0131n\u0131 belirtti.<\/p>\n<p style=\"text-align: justify;\"><strong>Havayolu, yerel saate g\u00f6re yar\u0131ndan itibaren Halep Uluslararas\u0131 Havaliman\u0131&#8217;ndan a\u015fa\u011f\u0131daki u\u00e7u\u015flar\u0131n ger\u00e7ekle\u015ftirilece\u011fini belirtti:<\/strong><\/p>\n<p><strong>Halep &#8211; Abu Dabi &#8211; Halep<\/strong><\/p>\n<p>U\u00e7u\u015f numaras\u0131: 503 (gidi\u015f) \/ 504 (d\u00f6n\u00fc\u015f)<\/p>\n<p>Halep&#8217;ten kalk\u0131\u015f: 06:00<\/p>\n<p>Abu Dabi&#8217;den kalk\u0131\u015f: 12:30<\/p>\n<p><strong>Halep &#8211; Dubai &#8211; Halep<\/strong><\/p>\n<p>U\u00e7u\u015f numaras\u0131: 515 (gidi\u015f) \/ 516 (d\u00f6n\u00fc\u015f)<\/p>\n<p>Halep&#8217;ten kalk\u0131\u015f: 06:00<\/p>\n<p>Dubai&#8217;den kalk\u0131\u015f: 12:30<\/p>\n<p><strong>Halep &#8211; Riyad &#8211; Halep<\/strong><\/p>\n<p>U\u00e7u\u015f numaras\u0131: 389 (gidi\u015f) \/ 390 (d\u00f6n\u00fc\u015f)<\/p>\n<p>Halep&#8217;ten kalk\u0131\u015f: 17:00<\/p>\n<p>Riyad&#8217;dan kalk\u0131\u015f: 22:00<\/p>\n<p><strong>Halep &#8211; \u015earika &#8211; Halep<\/strong><\/p>\n<p>U\u00e7u\u015f numaras\u0131: 501 (gidi\u015f) \/ 502 (d\u00f6n\u00fc\u015f)<\/p>\n<p>Halep&#8217;ten kalk\u0131\u015f: 17:00<\/p>\n<p>\u015earika&#8217;dan kalk\u0131\u015f: 23:30<\/p>\n<p style=\"text-align: justify;\"><strong>Halep &#8211; \u0130stanbul \u2013 Halep<\/strong><\/p>\n<p style=\"text-align: justify;\">U\u00e7u\u015f numaras\u0131: 443 (gidi\u015f) \/ 444 (d\u00f6n\u00fc\u015f)<\/p>\n<p style=\"text-align: justify;\">Halep&#8217;ten kalk\u0131\u015f: 16:50<\/p>\n<p style=\"text-align: justify;\">\u0130stanbul&#8217;dan kalk\u0131\u015f: 20:00<\/p>\n<p>\u015eirket ayr\u0131ca bu gece itibar\u0131yla Halep ve \u015eam havaalanlar\u0131 aras\u0131nda d\u00fczenli kara ta\u015f\u0131mac\u0131l\u0131\u011f\u0131 hizmeti vermeye ba\u015flayaca\u011f\u0131n\u0131 a\u00e7\u0131klad\u0131.<\/p>\n","protected":false},"excerpt":{"rendered":"<p>\u015eAM (SANA) &#8211;\u00a0\u00a0 Suriye Havayollar\u0131, \u015eam Uluslararas\u0131 Havaliman\u0131&#8217;na giden hava sahas\u0131 ve hava yollar\u0131n\u0131n kapal\u0131 kalmas\u0131 nedeniyle u\u00e7u\u015flar\u0131n\u0131n \u015eam Uluslararas\u0131 Havaliman\u0131&#8217;ndan Halep Uluslararas\u0131 Havaliman\u0131&#8217;na y\u00f6nlendirilmeye devam etti\u011fini duyurarak, \u015firket, bu karar\u0131n yolcu g\u00fcvenli\u011fini ve operasyonel s\u00fcreklili\u011fi sa\u011flamak i\u00e7in al\u0131nd\u0131\u011f\u0131n\u0131 belirtti. Havayolu, yerel saate g\u00f6re yar\u0131ndan itibaren Halep Uluslararas\u0131 Havaliman\u0131&#8217;ndan a\u015fa\u011f\u0131daki u\u00e7u\u015flar\u0131n ger\u00e7ekle\u015ftirilece\u011fini belirtti: Halep &#8211; &hellip;<\/p>\n","protected":false},"author":41,"featured_media":323463,"comment_status":"closed","ping_status":"closed","sticky":false,"template":"","format":"standard","meta":{"footnotes":""},"categories":[589,479,17988,478],"tags":[],"class_list":["post-323462","post","type-post","status-publish","format-standard","has-post-thumbnail","","category-haber-seridi","category-haberler-yerel","category-son-haberler","category-yerel"],"_links":{"self":[{"href":"https:\/\/archive.sana.sy\/tr\/index.php?rest_route=\/wp\/v2\/posts\/323462","targetHints":{"allow":["GET"]}}],"collection":[{"href":"https:\/\/archive.sana.sy\/tr\/index.php?rest_route=\/wp\/v2\/posts"}],"about":[{"href":"https:\/\/archive.sana.sy\/tr\/index.php?rest_route=\/wp\/v2\/types\/post"}],"author":[{"embeddable":true,"href":"https:\/\/archive.sana.sy\/tr\/index.php?rest_route=\/wp\/v2\/users\/41"}],"replies":[{"embeddable":true,"href":"https:\/\/archive.sana.sy\/tr\/index.php?rest_route=%2Fwp%2Fv2%2Fcomments&post=323462"}],"version-history":[{"count":2,"href":"https:\/\/archive.sana.sy\/tr\/index.php?rest_route=\/wp\/v2\/posts\/323462\/revisions"}],"predecessor-version":[{"id":323465,"href":"https:\/\/archive.sana.sy\/tr\/index.php?rest_route=\/wp\/v2\/posts\/323462\/revisions\/323465"}],"wp:featuredmedia":[{"embeddable":true,"href":"https:\/\/archive.sana.sy\/tr\/index.php?rest_route=\/wp\/v2\/media\/323463"}],"wp:attachment":[{"href":"https:\/\/archive.sana.sy\/tr\/index.php?rest_route=%2Fwp%2Fv2%2Fmedia&parent=323462"}],"wp:term":[{"taxonomy":"category","embeddable":true,"href":"https:\/\/archive.sana.sy\/tr\/index.php?rest_route=%2Fwp%2Fv2%2Fcategories&post=323462"},{"taxonomy":"post_tag","embeddable":true,"href":"https:\/\/archive.sana.sy\/tr\/index.php?rest_route=%2Fwp%2Fv2%2Ftags&post=323462"}],"curies":[{"name":"wp","href":"https:\/\/api.w.org\/{rel}","templated":true}]}}