{"id":323466,"date":"2025-06-19T18:39:25","date_gmt":"2025-06-19T15:39:25","guid":{"rendered":"https:\/\/sana.sy\/tr\/?p=323466"},"modified":"2025-06-19T18:45:37","modified_gmt":"2025-06-19T15:45:37","slug":"saglik-bakani-turkiyenin-en-modern-hastanesini-ziyaret-etti","status":"publish","type":"post","link":"https:\/\/archive.sana.sy\/tr\/?p=323466","title":{"rendered":"Sa\u011fl\u0131k Bakan\u0131 T\u00fcrkiye&#8217;nin En Modern Hastanesini Ziyaret Etti"},"content":{"rendered":"<p style=\"text-align: justify;\"><span style=\"color: #ff0000;\"><strong>\u0130STANBUL (SANA)<\/strong><\/span> &#8211; Sa\u011fl\u0131k Bakan\u0131 Dr. Musab El Ali, Sa\u011fl\u0131k \u0130\u015fleri Yard\u0131mc\u0131s\u0131 Dr. H\u00fcseyin El Hatib e\u015fli\u011finde T\u00fcrkiye&#8217;nin en b\u00fcy\u00fck ve en modern hastanelerinden biri olan \u0130stanbul&#8217;daki Ba\u015fak\u015fehir \u00c7am ve Sakura \u015eehir Hastanesi&#8217;ni <img loading=\"lazy\" decoding=\"async\" class=\"size-full wp-image-323468 alignright\" src=\"http:\/\/sana.sy\/tr\/wp-content\/uploads\/2025\/06\/photo_2_2025-06-19_18-14-34-300x209-1.jpg\" alt=\"\" width=\"300\" height=\"209\" \/>ziyaret etti.<\/p>\n<p style=\"text-align: justify;\">Ziyaretin amac\u0131 sa\u011fl\u0131k hizmetleri deneyimlerinden yararlanmak ve Suriye&#8217;deki vatanda\u015flara sa\u011flanan sa\u011fl\u0131k hizmetlerinin kalitesini geli\u015ftirmek ve art\u0131rmak i\u00e7in sa\u011flanan hizmetlerin mevcut durumunu incelemekti.<\/p>\n<p style=\"text-align: justify;\">Ziyaret, yo\u011fun bak\u0131m, ameliyathane ve acil servisleri i\u00e7erdi ve s\u0131ras\u0131nda Suriye&#8217;deki sa\u011fl\u0131k hizmetleri altyap\u0131s\u0131n\u0131n geli\u015ftirilmesinde uzmanl\u0131k ve teknik i\u015f birli\u011finin nas\u0131l payla\u015f\u0131laca\u011f\u0131 konusunda g\u00f6r\u00fc\u015f al\u0131\u015fveri\u015finde bulunuldu.<\/p>\n<p style=\"text-align: justify;\">Bakan El Ali, Suriye&#8217;de yeni hastanelerin tasarlanmas\u0131 ve i\u015fletilmesinde T\u00fcrkiye deneyiminden yararlanman\u0131n \u00f6nemini vurgulad\u0131.<\/p>\n<div id='gallery-1' class='gallery galleryid-323466 gallery-columns-3 gallery-size-thumbnail'><figure class='gallery-item'>\n\t\t\t<div class='gallery-icon landscape'>\n\t\t\t\t<a href='https:\/\/archive.sana.sy\/tr\/?attachment_id=323469'><img loading=\"lazy\" decoding=\"async\" width=\"150\" height=\"150\" src=\"https:\/\/archive.sana.sy\/tr\/wp-content\/uploads\/2025\/06\/photo_1_2025-06-19_18-14-34-150x150.jpg\" class=\"attachment-thumbnail size-thumbnail\" alt=\"\" \/><\/a>\n\t\t\t<\/div><\/figure><figure class='gallery-item'>\n\t\t\t<div class='gallery-icon landscape'>\n\t\t\t\t<a href='https:\/\/archive.sana.sy\/tr\/?attachment_id=323470'><img loading=\"lazy\" decoding=\"async\" width=\"150\" height=\"150\" src=\"https:\/\/archive.sana.sy\/tr\/wp-content\/uploads\/2025\/06\/photo_5_2025-06-19_18-14-34-150x150.jpg\" class=\"attachment-thumbnail size-thumbnail\" alt=\"\" \/><\/a>\n\t\t\t<\/div><\/figure><figure class='gallery-item'>\n\t\t\t<div class='gallery-icon landscape'>\n\t\t\t\t<a href='https:\/\/archive.sana.sy\/tr\/?attachment_id=323471'><img loading=\"lazy\" decoding=\"async\" width=\"150\" height=\"150\" src=\"https:\/\/archive.sana.sy\/tr\/wp-content\/uploads\/2025\/06\/photo_6_2025-06-19_18-14-34-150x150.jpg\" class=\"attachment-thumbnail size-thumbnail\" alt=\"\" \/><\/a>\n\t\t\t<\/div><\/figure>\n\t\t<\/div>\n\n","protected":false},"excerpt":{"rendered":"<p>\u0130STANBUL (SANA) &#8211; Sa\u011fl\u0131k Bakan\u0131 Dr. Musab El Ali, Sa\u011fl\u0131k \u0130\u015fleri Yard\u0131mc\u0131s\u0131 Dr. H\u00fcseyin El Hatib e\u015fli\u011finde T\u00fcrkiye&#8217;nin en b\u00fcy\u00fck ve en modern hastanelerinden biri olan \u0130stanbul&#8217;daki Ba\u015fak\u015fehir \u00c7am ve Sakura \u015eehir Hastanesi&#8217;ni ziyaret etti. Ziyaretin amac\u0131 sa\u011fl\u0131k hizmetleri deneyimlerinden yararlanmak ve Suriye&#8217;deki vatanda\u015flara sa\u011flanan sa\u011fl\u0131k hizmetlerinin kalitesini geli\u015ftirmek ve art\u0131rmak i\u00e7in sa\u011flanan hizmetlerin mevcut &hellip;<\/p>\n","protected":false},"author":41,"featured_media":323467,"comment_status":"closed","ping_status":"closed","sticky":false,"template":"","format":"standard","meta":{"footnotes":""},"categories":[589,17988,2554,2555],"tags":[],"class_list":["post-323466","post","type-post","status-publish","format-standard","has-post-thumbnail","","category-haber-seridi","category-son-haberler","category-suriye-ve-dunya","category-suriye-ve-turkiye"],"_links":{"self":[{"href":"https:\/\/archive.sana.sy\/tr\/index.php?rest_route=\/wp\/v2\/posts\/323466","targetHints":{"allow":["GET"]}}],"collection":[{"href":"https:\/\/archive.sana.sy\/tr\/index.php?rest_route=\/wp\/v2\/posts"}],"about":[{"href":"https:\/\/archive.sana.sy\/tr\/index.php?rest_route=\/wp\/v2\/types\/post"}],"author":[{"embeddable":true,"href":"https:\/\/archive.sana.sy\/tr\/index.php?rest_route=\/wp\/v2\/users\/41"}],"replies":[{"embeddable":true,"href":"https:\/\/archive.sana.sy\/tr\/index.php?rest_route=%2Fwp%2Fv2%2Fcomments&post=323466"}],"version-history":[{"count":2,"href":"https:\/\/archive.sana.sy\/tr\/index.php?rest_route=\/wp\/v2\/posts\/323466\/revisions"}],"predecessor-version":[{"id":323473,"href":"https:\/\/archive.sana.sy\/tr\/index.php?rest_route=\/wp\/v2\/posts\/323466\/revisions\/323473"}],"wp:featuredmedia":[{"embeddable":true,"href":"https:\/\/archive.sana.sy\/tr\/index.php?rest_route=\/wp\/v2\/media\/323467"}],"wp:attachment":[{"href":"https:\/\/archive.sana.sy\/tr\/index.php?rest_route=%2Fwp%2Fv2%2Fmedia&parent=323466"}],"wp:term":[{"taxonomy":"category","embeddable":true,"href":"https:\/\/archive.sana.sy\/tr\/index.php?rest_route=%2Fwp%2Fv2%2Fcategories&post=323466"},{"taxonomy":"post_tag","embeddable":true,"href":"https:\/\/archive.sana.sy\/tr\/index.php?rest_route=%2Fwp%2Fv2%2Ftags&post=323466"}],"curies":[{"name":"wp","href":"https:\/\/api.w.org\/{rel}","templated":true}]}}