{"id":323474,"date":"2025-06-19T19:50:58","date_gmt":"2025-06-19T16:50:58","guid":{"rendered":"https:\/\/sana.sy\/tr\/?p=323474"},"modified":"2025-06-21T10:46:34","modified_gmt":"2025-06-21T07:46:34","slug":"barrack-abd-baskani-suriye-ve-lubnanda-barisi-sabirsizlikla-bekliyor","status":"publish","type":"post","link":"https:\/\/archive.sana.sy\/tr\/?p=323474","title":{"rendered":"Barrack: ABD Ba\u015fkan\u0131 Suriye Ve L\u00fcbnan&#8217;da Bar\u0131\u015f\u0131 Sab\u0131rs\u0131zl\u0131kla Bekliyor"},"content":{"rendered":"<p style=\"text-align: justify;\"><span style=\"color: #ff0000;\"><strong>BEYRUT (SANA)-<\/strong><\/span> ABD&#8217;nin Suriye \u00d6zel Temsilcisi Thomas Barrack, Ba\u015fkan Donald Trump&#8217;\u0131n hem Suriye hem de L\u00fcbnan i\u00e7in vizyonunun bar\u0131\u015f\u00e7\u0131l bir arada ya\u015fama i\u00e7in yeni bir yap\u0131 in\u015fa etmeye odakland\u0131\u011f\u0131n\u0131 vurgulad\u0131.<\/p>\n<p style=\"text-align: justify;\">Barrack, (X) platformunda yapt\u0131\u011f\u0131 bir payla\u015f\u0131mda \u015funlar\u0131 s\u00f6yledi: &#8220;Ortak \u00e7\u0131karlar\u0131m\u0131z\u0131 g\u00f6r\u00fc\u015fmek \u00fczere Beyrut&#8217;ta L\u00fcbnan Cumhurba\u015fkan\u0131 Joseph Aoun, Parlamento Ba\u015fkan\u0131 Nabih Berri ve Ba\u015fbakan Nevvaf Selamile bir araya geldim. G\u00f6r\u00fc\u015fmeler verimli ge\u00e7ti.&#8221;<\/p>\n<p style=\"text-align: justify;\">Barrack ayr\u0131ca, &#8220;Suriye ve L\u00fcbnan, d\u0131\u015far\u0131dan dayat\u0131lan bir kaos durumundan ziyade serbest ticaretin bir \u00f6rne\u011fi olmaya haz\u0131r, istekli ve yetenekli.&#8221;<\/p>\n","protected":false},"excerpt":{"rendered":"<p>BEYRUT (SANA)- ABD&#8217;nin Suriye \u00d6zel Temsilcisi Thomas Barrack, Ba\u015fkan Donald Trump&#8217;\u0131n hem Suriye hem de L\u00fcbnan i\u00e7in vizyonunun bar\u0131\u015f\u00e7\u0131l bir arada ya\u015fama i\u00e7in yeni bir yap\u0131 in\u015fa etmeye odakland\u0131\u011f\u0131n\u0131 vurgulad\u0131. Barrack, (X) platformunda yapt\u0131\u011f\u0131 bir payla\u015f\u0131mda \u015funlar\u0131 s\u00f6yledi: &#8220;Ortak \u00e7\u0131karlar\u0131m\u0131z\u0131 g\u00f6r\u00fc\u015fmek \u00fczere Beyrut&#8217;ta L\u00fcbnan Cumhurba\u015fkan\u0131 Joseph Aoun, Parlamento Ba\u015fkan\u0131 Nabih Berri ve Ba\u015fbakan Nevvaf Selamile &hellip;<\/p>\n","protected":false},"author":41,"featured_media":323357,"comment_status":"closed","ping_status":"closed","sticky":false,"template":"","format":"standard","meta":{"footnotes":""},"categories":[458,459,17988],"tags":[],"class_list":["post-323474","post","type-post","status-publish","format-standard","has-post-thumbnail","","category-dunya1","category-haberler-arap-uluslararasi-politika","category-son-haberler"],"_links":{"self":[{"href":"https:\/\/archive.sana.sy\/tr\/index.php?rest_route=\/wp\/v2\/posts\/323474","targetHints":{"allow":["GET"]}}],"collection":[{"href":"https:\/\/archive.sana.sy\/tr\/index.php?rest_route=\/wp\/v2\/posts"}],"about":[{"href":"https:\/\/archive.sana.sy\/tr\/index.php?rest_route=\/wp\/v2\/types\/post"}],"author":[{"embeddable":true,"href":"https:\/\/archive.sana.sy\/tr\/index.php?rest_route=\/wp\/v2\/users\/41"}],"replies":[{"embeddable":true,"href":"https:\/\/archive.sana.sy\/tr\/index.php?rest_route=%2Fwp%2Fv2%2Fcomments&post=323474"}],"version-history":[{"count":1,"href":"https:\/\/archive.sana.sy\/tr\/index.php?rest_route=\/wp\/v2\/posts\/323474\/revisions"}],"predecessor-version":[{"id":323475,"href":"https:\/\/archive.sana.sy\/tr\/index.php?rest_route=\/wp\/v2\/posts\/323474\/revisions\/323475"}],"wp:featuredmedia":[{"embeddable":true,"href":"https:\/\/archive.sana.sy\/tr\/index.php?rest_route=\/wp\/v2\/media\/323357"}],"wp:attachment":[{"href":"https:\/\/archive.sana.sy\/tr\/index.php?rest_route=%2Fwp%2Fv2%2Fmedia&parent=323474"}],"wp:term":[{"taxonomy":"category","embeddable":true,"href":"https:\/\/archive.sana.sy\/tr\/index.php?rest_route=%2Fwp%2Fv2%2Fcategories&post=323474"},{"taxonomy":"post_tag","embeddable":true,"href":"https:\/\/archive.sana.sy\/tr\/index.php?rest_route=%2Fwp%2Fv2%2Ftags&post=323474"}],"curies":[{"name":"wp","href":"https:\/\/api.w.org\/{rel}","templated":true}]}}