{"id":323480,"date":"2025-06-20T12:29:39","date_gmt":"2025-06-20T09:29:39","guid":{"rendered":"https:\/\/sana.sy\/tr\/?p=323480"},"modified":"2025-06-21T10:44:02","modified_gmt":"2025-06-21T07:44:02","slug":"saglik-bakani-istanbuldaki-ambulans-sistemini-ziyaret-etti","status":"publish","type":"post","link":"https:\/\/archive.sana.sy\/tr\/?p=323480","title":{"rendered":"Sa\u011fl\u0131k Bakan\u0131 \u0130stanbul&#8217;daki Ambulans Sistemini Ziyaret Etti"},"content":{"rendered":"<p style=\"text-align: justify;\"><span style=\"color: #800000;\"><strong>\u0130STANBUL (SANA) &#8211;<\/strong> <\/span>Sa\u011fl\u0131k Bakan\u0131 Dr. Musab El Ali ve beraberindeki heyet, modern teknolojiler kullan\u0131larak y\u00fcr\u00fct\u00fclen \u0130stanbul Ambulans Sisteminin i\u015fleyi\u015fi ve h\u0131zl\u0131 m\u00fcdahale y\u00f6ntemleri hakk\u0131nda bilgi almak amac\u0131yla sistemi ziyaret etti.<\/p>\n<p style=\"text-align: justify;\">Sa\u011fl\u0131k Bakan\u0131 Dr. Musab El Ali, Sa\u011fl\u0131k Bakan Yard\u0131mc\u0131s\u0131 Dr. H\u00fcseyin El Hatib ve \u00e7ok say\u0131da m\u00fcd\u00fcr ve di\u011fer ilgili yetkililerle birlikte Suriye ile T\u00fcrkiye aras\u0131ndaki sa\u011fl\u0131k i\u015f birli\u011fini g\u00f6r\u00fc\u015fmek \u00fczere birka\u00e7 g\u00fcn \u00f6nce T\u00fcrkiye&#8217;ye bir ziyaret ba\u015flatt\u0131.<\/p>\n<p style=\"text-align: justify;\">Ziyaret kapsam\u0131nda \u00e7ok say\u0131da sa\u011fl\u0131k tesisi ve t\u0131bbi ve ihtisas merkezi gezilerek T\u00fcrkiye&#8217;nin uzmanl\u0131\u011f\u0131ndan yararlan\u0131ld\u0131. Ayr\u0131ca vatanda\u015flara sunulan sa\u011fl\u0131k hizmeti d\u00fczeyinin iyile\u015ftirilmesi amac\u0131yla Suriye hastanelerinin rehabilite edilmesi, donat\u0131lmas\u0131 ve alt yap\u0131s\u0131n\u0131n geli\u015ftirilmesine y\u00f6nelik i\u015f birli\u011fi anla\u015fmas\u0131 imzaland\u0131.<\/p>\n","protected":false},"excerpt":{"rendered":"<p>\u0130STANBUL (SANA) &#8211; Sa\u011fl\u0131k Bakan\u0131 Dr. Musab El Ali ve beraberindeki heyet, modern teknolojiler kullan\u0131larak y\u00fcr\u00fct\u00fclen \u0130stanbul Ambulans Sisteminin i\u015fleyi\u015fi ve h\u0131zl\u0131 m\u00fcdahale y\u00f6ntemleri hakk\u0131nda bilgi almak amac\u0131yla sistemi ziyaret etti. Sa\u011fl\u0131k Bakan\u0131 Dr. Musab El Ali, Sa\u011fl\u0131k Bakan Yard\u0131mc\u0131s\u0131 Dr. H\u00fcseyin El Hatib ve \u00e7ok say\u0131da m\u00fcd\u00fcr ve di\u011fer ilgili yetkililerle birlikte Suriye ile &hellip;<\/p>\n","protected":false},"author":44,"featured_media":323481,"comment_status":"closed","ping_status":"closed","sticky":false,"template":"","format":"standard","meta":{"footnotes":""},"categories":[458,459,17988,2554,2555],"tags":[43927],"class_list":["post-323480","post","type-post","status-publish","format-standard","has-post-thumbnail","","category-dunya1","category-haberler-arap-uluslararasi-politika","category-son-haberler","category-suriye-ve-dunya","category-suriye-ve-turkiye","tag-saglik-bakani-istanbuldaki-ambulans-sistemini-ziyaret-etti"],"_links":{"self":[{"href":"https:\/\/archive.sana.sy\/tr\/index.php?rest_route=\/wp\/v2\/posts\/323480","targetHints":{"allow":["GET"]}}],"collection":[{"href":"https:\/\/archive.sana.sy\/tr\/index.php?rest_route=\/wp\/v2\/posts"}],"about":[{"href":"https:\/\/archive.sana.sy\/tr\/index.php?rest_route=\/wp\/v2\/types\/post"}],"author":[{"embeddable":true,"href":"https:\/\/archive.sana.sy\/tr\/index.php?rest_route=\/wp\/v2\/users\/44"}],"replies":[{"embeddable":true,"href":"https:\/\/archive.sana.sy\/tr\/index.php?rest_route=%2Fwp%2Fv2%2Fcomments&post=323480"}],"version-history":[{"count":1,"href":"https:\/\/archive.sana.sy\/tr\/index.php?rest_route=\/wp\/v2\/posts\/323480\/revisions"}],"predecessor-version":[{"id":323482,"href":"https:\/\/archive.sana.sy\/tr\/index.php?rest_route=\/wp\/v2\/posts\/323480\/revisions\/323482"}],"wp:featuredmedia":[{"embeddable":true,"href":"https:\/\/archive.sana.sy\/tr\/index.php?rest_route=\/wp\/v2\/media\/323481"}],"wp:attachment":[{"href":"https:\/\/archive.sana.sy\/tr\/index.php?rest_route=%2Fwp%2Fv2%2Fmedia&parent=323480"}],"wp:term":[{"taxonomy":"category","embeddable":true,"href":"https:\/\/archive.sana.sy\/tr\/index.php?rest_route=%2Fwp%2Fv2%2Fcategories&post=323480"},{"taxonomy":"post_tag","embeddable":true,"href":"https:\/\/archive.sana.sy\/tr\/index.php?rest_route=%2Fwp%2Fv2%2Ftags&post=323480"}],"curies":[{"name":"wp","href":"https:\/\/api.w.org\/{rel}","templated":true}]}}