{"id":323483,"date":"2025-06-20T14:24:27","date_gmt":"2025-06-20T11:24:27","guid":{"rendered":"https:\/\/sana.sy\/tr\/?p=323483"},"modified":"2025-06-21T10:45:49","modified_gmt":"2025-06-21T07:45:49","slug":"suriye-havayollari-yarinki-ucuslarini-halep-havalimanina-transfer-etti","status":"publish","type":"post","link":"https:\/\/archive.sana.sy\/tr\/?p=323483","title":{"rendered":"Suriye Havayollar\u0131 Yar\u0131nki U\u00e7u\u015flar\u0131n\u0131 Halep Havaliman\u0131&#8217;na Transfer Etti"},"content":{"rendered":"<p style=\"text-align: justify;\"><span style=\"color: #800000;\"><strong>\u015eAM (SANA) &#8211;<\/strong> <\/span>Suriye Havayollar\u0131 bug\u00fcn yapt\u0131\u011f\u0131 a\u00e7\u0131klamada, yar\u0131nki u\u00e7u\u015flar\u0131n Halep Uluslararas\u0131 Havaliman\u0131 \u00fczerinden ger\u00e7ekle\u015ftirilece\u011fini, yolcu ta\u015f\u0131mac\u0131l\u0131\u011f\u0131n\u0131n \u015eam ile Halep Uluslararas\u0131 Havaliman\u0131 aras\u0131nda \u00f6zel otob\u00fcslerle sa\u011flanaca\u011f\u0131n\u0131 duyurdu.<\/p>\n<p style=\"text-align: justify;\">Suriye Havayollar\u0131, Telegram kanal\u0131 arac\u0131l\u0131\u011f\u0131yla yapt\u0131\u011f\u0131 a\u00e7\u0131klamada, gidi\u015f u\u00e7u\u015flar\u0131 i\u00e7in \u015eam&#8217;\u0131n El Adavi b\u00f6lgesinden Halep Uluslararas\u0131 Havaliman\u0131&#8217;na otob\u00fcslerin kalkaca\u011f\u0131n\u0131, yurt d\u0131\u015f\u0131 u\u00e7u\u015flar\u0131n\u0131n ise buradan kalkaca\u011f\u0131n\u0131 Kaydetti.<\/p>\n<p style=\"text-align: justify;\">Yurt d\u0131\u015f\u0131ndan gelen u\u00e7aklar ise Halep Uluslararas\u0131 Havaliman\u0131&#8217;na var\u0131\u015fta \u00f6zel otob\u00fcslerle \u015eam&#8217;daki El Adevi b\u00f6lgesine ula\u015ft\u0131r\u0131lacak.<\/p>\n","protected":false},"excerpt":{"rendered":"<p>\u015eAM (SANA) &#8211; Suriye Havayollar\u0131 bug\u00fcn yapt\u0131\u011f\u0131 a\u00e7\u0131klamada, yar\u0131nki u\u00e7u\u015flar\u0131n Halep Uluslararas\u0131 Havaliman\u0131 \u00fczerinden ger\u00e7ekle\u015ftirilece\u011fini, yolcu ta\u015f\u0131mac\u0131l\u0131\u011f\u0131n\u0131n \u015eam ile Halep Uluslararas\u0131 Havaliman\u0131 aras\u0131nda \u00f6zel otob\u00fcslerle sa\u011flanaca\u011f\u0131n\u0131 duyurdu. Suriye Havayollar\u0131, Telegram kanal\u0131 arac\u0131l\u0131\u011f\u0131yla yapt\u0131\u011f\u0131 a\u00e7\u0131klamada, gidi\u015f u\u00e7u\u015flar\u0131 i\u00e7in \u015eam&#8217;\u0131n El Adavi b\u00f6lgesinden Halep Uluslararas\u0131 Havaliman\u0131&#8217;na otob\u00fcslerin kalkaca\u011f\u0131n\u0131, yurt d\u0131\u015f\u0131 u\u00e7u\u015flar\u0131n\u0131n ise buradan kalkaca\u011f\u0131n\u0131 Kaydetti. Yurt d\u0131\u015f\u0131ndan &hellip;<\/p>\n","protected":false},"author":44,"featured_media":323484,"comment_status":"closed","ping_status":"closed","sticky":false,"template":"","format":"standard","meta":{"footnotes":""},"categories":[479,17988,478],"tags":[43928],"class_list":["post-323483","post","type-post","status-publish","format-standard","has-post-thumbnail","","category-haberler-yerel","category-son-haberler","category-yerel","tag-suriye-havayollari-yarinki-ucuslarini-halep-havalimanina-transfer-etti"],"_links":{"self":[{"href":"https:\/\/archive.sana.sy\/tr\/index.php?rest_route=\/wp\/v2\/posts\/323483","targetHints":{"allow":["GET"]}}],"collection":[{"href":"https:\/\/archive.sana.sy\/tr\/index.php?rest_route=\/wp\/v2\/posts"}],"about":[{"href":"https:\/\/archive.sana.sy\/tr\/index.php?rest_route=\/wp\/v2\/types\/post"}],"author":[{"embeddable":true,"href":"https:\/\/archive.sana.sy\/tr\/index.php?rest_route=\/wp\/v2\/users\/44"}],"replies":[{"embeddable":true,"href":"https:\/\/archive.sana.sy\/tr\/index.php?rest_route=%2Fwp%2Fv2%2Fcomments&post=323483"}],"version-history":[{"count":1,"href":"https:\/\/archive.sana.sy\/tr\/index.php?rest_route=\/wp\/v2\/posts\/323483\/revisions"}],"predecessor-version":[{"id":323485,"href":"https:\/\/archive.sana.sy\/tr\/index.php?rest_route=\/wp\/v2\/posts\/323483\/revisions\/323485"}],"wp:featuredmedia":[{"embeddable":true,"href":"https:\/\/archive.sana.sy\/tr\/index.php?rest_route=\/wp\/v2\/media\/323484"}],"wp:attachment":[{"href":"https:\/\/archive.sana.sy\/tr\/index.php?rest_route=%2Fwp%2Fv2%2Fmedia&parent=323483"}],"wp:term":[{"taxonomy":"category","embeddable":true,"href":"https:\/\/archive.sana.sy\/tr\/index.php?rest_route=%2Fwp%2Fv2%2Fcategories&post=323483"},{"taxonomy":"post_tag","embeddable":true,"href":"https:\/\/archive.sana.sy\/tr\/index.php?rest_route=%2Fwp%2Fv2%2Ftags&post=323483"}],"curies":[{"name":"wp","href":"https:\/\/api.w.org\/{rel}","templated":true}]}}