{"id":323486,"date":"2025-06-20T14:31:41","date_gmt":"2025-06-20T11:31:41","guid":{"rendered":"https:\/\/sana.sy\/tr\/?p=323486"},"modified":"2025-06-20T14:31:41","modified_gmt":"2025-06-20T11:31:41","slug":"bmmyk-urdundeki-85-000den-fazla-suriyeli-multeci-ulkesine-geri-dondu","status":"publish","type":"post","link":"https:\/\/archive.sana.sy\/tr\/?p=323486","title":{"rendered":"BMMYK: \u00dcrd\u00fcn&#8217;deki 85.000&#8217;den Fazla Suriyeli M\u00fclteci \u00dclkesine Geri D\u00f6nd\u00fc"},"content":{"rendered":"<p style=\"text-align: justify;\"><span style=\"color: #800000;\"><strong>AMMAN (SANA) \u2013<\/strong> <\/span>\u00a0Birle\u015fmi\u015f Milletler M\u00fclteciler Y\u00fcksek Komiserli\u011fi (UNHCR), Aral\u0131k 2024&#8217;ten bu yana ge\u00e7en Sal\u0131 g\u00fcn\u00fcne kadar \u00dcrd\u00fcn&#8217;de kay\u0131tl\u0131 85.000&#8217;den fazla Suriyeli m\u00fcltecinin Suriye&#8217;ye geri d\u00f6nd\u00fc\u011f\u00fcn\u00fc duyurdu.<\/p>\n<p style=\"text-align: justify;\">\u00dcrd\u00fcn&#8217;deki UNHCR Temsilcisi Maria Stavropoulou, \u00dcrd\u00fcnl\u00fc Al Mamlaka TV web sitesine verdi\u011fi \u00f6zel r\u00f6portajda, &#8221;UNHCR, geri d\u00f6nme niyetlerini dile getiren m\u00fcltecilerin taleplerine yan\u0131t olarak Ocak 2025&#8217;te \u00fccretsiz bir ula\u015f\u0131m program\u0131 ba\u015flatt\u0131&#8221; diyerek, program\u0131n \u00fccretsiz ula\u015f\u0131m hizmetlerine ek olarak, ayr\u0131lmadan \u00f6nce t\u0131bbi kontroller, Suriye&#8217;deki durum hakk\u0131nda bireysel dan\u0131\u015fmanl\u0131k seanslar\u0131 ve geri d\u00f6nenlere sunulan hizmet merkezlerini i\u00e7erdi\u011fini a\u00e7\u0131klad\u0131.<\/p>\n<p style=\"text-align: justify;\">Stavropoulou ayr\u0131ca, UNHCR&#8217;nin m\u00fcltecilerin &#8220;g\u00fcvenlik ve onur i\u00e7inde&#8221; g\u00f6n\u00fcll\u00fc geri d\u00f6n\u00fc\u015flerini destekledi\u011fini belirtirken, giri\u015fimin, m\u00fcltecilerin bilin\u00e7li kararlar almalar\u0131n\u0131 sa\u011flamay\u0131 ama\u00e7lad\u0131\u011f\u0131n\u0131 vurgulad\u0131.<\/p>\n","protected":false},"excerpt":{"rendered":"<p>AMMAN (SANA) \u2013 \u00a0Birle\u015fmi\u015f Milletler M\u00fclteciler Y\u00fcksek Komiserli\u011fi (UNHCR), Aral\u0131k 2024&#8217;ten bu yana ge\u00e7en Sal\u0131 g\u00fcn\u00fcne kadar \u00dcrd\u00fcn&#8217;de kay\u0131tl\u0131 85.000&#8217;den fazla Suriyeli m\u00fcltecinin Suriye&#8217;ye geri d\u00f6nd\u00fc\u011f\u00fcn\u00fc duyurdu. \u00dcrd\u00fcn&#8217;deki UNHCR Temsilcisi Maria Stavropoulou, \u00dcrd\u00fcnl\u00fc Al Mamlaka TV web sitesine verdi\u011fi \u00f6zel r\u00f6portajda, &#8221;UNHCR, geri d\u00f6nme niyetlerini dile getiren m\u00fcltecilerin taleplerine yan\u0131t olarak Ocak 2025&#8217;te \u00fccretsiz bir &hellip;<\/p>\n","protected":false},"author":44,"featured_media":323487,"comment_status":"closed","ping_status":"closed","sticky":false,"template":"","format":"standard","meta":{"footnotes":""},"categories":[458,589,459,17988],"tags":[43929],"class_list":["post-323486","post","type-post","status-publish","format-standard","has-post-thumbnail","","category-dunya1","category-haber-seridi","category-haberler-arap-uluslararasi-politika","category-son-haberler","tag-bmmyk-urdundeki-85-000den-fazla-suriyeli-multeci-ulkesine-geri-dondu"],"_links":{"self":[{"href":"https:\/\/archive.sana.sy\/tr\/index.php?rest_route=\/wp\/v2\/posts\/323486","targetHints":{"allow":["GET"]}}],"collection":[{"href":"https:\/\/archive.sana.sy\/tr\/index.php?rest_route=\/wp\/v2\/posts"}],"about":[{"href":"https:\/\/archive.sana.sy\/tr\/index.php?rest_route=\/wp\/v2\/types\/post"}],"author":[{"embeddable":true,"href":"https:\/\/archive.sana.sy\/tr\/index.php?rest_route=\/wp\/v2\/users\/44"}],"replies":[{"embeddable":true,"href":"https:\/\/archive.sana.sy\/tr\/index.php?rest_route=%2Fwp%2Fv2%2Fcomments&post=323486"}],"version-history":[{"count":1,"href":"https:\/\/archive.sana.sy\/tr\/index.php?rest_route=\/wp\/v2\/posts\/323486\/revisions"}],"predecessor-version":[{"id":323488,"href":"https:\/\/archive.sana.sy\/tr\/index.php?rest_route=\/wp\/v2\/posts\/323486\/revisions\/323488"}],"wp:featuredmedia":[{"embeddable":true,"href":"https:\/\/archive.sana.sy\/tr\/index.php?rest_route=\/wp\/v2\/media\/323487"}],"wp:attachment":[{"href":"https:\/\/archive.sana.sy\/tr\/index.php?rest_route=%2Fwp%2Fv2%2Fmedia&parent=323486"}],"wp:term":[{"taxonomy":"category","embeddable":true,"href":"https:\/\/archive.sana.sy\/tr\/index.php?rest_route=%2Fwp%2Fv2%2Fcategories&post=323486"},{"taxonomy":"post_tag","embeddable":true,"href":"https:\/\/archive.sana.sy\/tr\/index.php?rest_route=%2Fwp%2Fv2%2Ftags&post=323486"}],"curies":[{"name":"wp","href":"https:\/\/api.w.org\/{rel}","templated":true}]}}