{"id":323489,"date":"2025-06-20T08:00:32","date_gmt":"2025-06-20T05:00:32","guid":{"rendered":"https:\/\/sana.sy\/tr\/?p=323489"},"modified":"2025-06-21T10:45:21","modified_gmt":"2025-06-21T07:45:21","slug":"saglik-bakani-turkiye-ziyaretinde-saglik-alaninda-is-birliginin-artirilmasi-konusunu-ele-aldi","status":"publish","type":"post","link":"https:\/\/archive.sana.sy\/tr\/?p=323489","title":{"rendered":"Sa\u011fl\u0131k Bakan\u0131 T\u00fcrkiye Ziyaretinde Sa\u011fl\u0131k Alan\u0131nda \u0130\u015f Birli\u011finin Art\u0131r\u0131lmas\u0131 Konusunu Ele Ald\u0131"},"content":{"rendered":"<p style=\"text-align: justify;\"><span style=\"color: #800000;\"><strong>\u0130STANBUL (SANA)<\/strong> &#8211;<\/span> Suriye Sa\u011fl\u0131k Bakan\u0131 Dr. Musab Nezzal El Ali&#8217;nin, Suriye ile T\u00fcrkiye aras\u0131nda sa\u011fl\u0131k sekt\u00f6r\u00fcndeki i\u015f birli\u011fini g\u00fc\u00e7lendirme ve iki \u00fclkedeki sa\u011fl\u0131k kurulu\u015flar\u0131 aras\u0131ndaki ortakl\u0131klar\u0131 harekete ge\u00e7irme kapsam\u0131nda T\u00fcrkiye&#8217;ye ger\u00e7ekle\u015ftirdi\u011fi ziyaret, Suriye&#8217;de sa\u011fl\u0131k sekt\u00f6r\u00fcn\u00fcn geli\u015ftirilmesini ama\u00e7layan bir dizi toplant\u0131 ve giri\u015fimin par\u00e7as\u0131 olarak ger\u00e7ekle\u015ftiriliyor.<\/p>\n<p style=\"text-align: justify;\">Sa\u011fl\u0131k Bakan\u0131&#8217;n\u0131n ziyareti s\u0131ras\u0131nda Ba\u015fak\u015fehir \u00c7am ve Sakura \u015eehir Hastanesi, \u0130stanbul&#8217;un Ka\u011f\u0131thane il\u00e7esindeki Aile Hekimli\u011fi Merkezi ve 112 Acil Merkezi \u00f6nemli duraklard\u0131. Ziyaret, Arap ve Suriyeli topluluklara sa\u011flanan t\u0131bbi hizmetlerin seviyesini g\u00f6zden ge\u00e7irmeyi ve iki taraf aras\u0131nda sa\u011fl\u0131k sekt\u00f6r\u00fcnde i\u015f birli\u011fi ve koordinasyon yollar\u0131n\u0131 ke\u015ffetmeyi ama\u00e7lad\u0131.<\/p>\n<p style=\"text-align: justify;\">Bakan El Ali, T\u00fcrkiye hastaneleri ve sa\u011fl\u0131k merkezlerine yapt\u0131\u011f\u0131 ziyaret s\u0131ras\u0131nda acil ve yo\u011fun bak\u0131m \u00fcniteleri de dahil olmak \u00fczere \u00e7e\u015fitli departmanlar\u0131n\u0131 denetledi ve Suriyeli ve T\u00fcrk sa\u011fl\u0131k personeliyle bir araya geldi ve organizasyon seviyesini, geli\u015fmi\u015f ekipman\u0131 ve verimli ve insani sa\u011fl\u0131k hizmeti sunma \u00e7abalar\u0131n\u0131 \u00f6vd\u00fc.<\/p>\n<p style=\"text-align: justify;\">Bakan ayr\u0131ca, 112 Acil Durum Merkezi&#8217;nde, merkezin y\u00f6neticileriyle bu hayati alanda i\u015fbirli\u011fi f\u0131rsatlar\u0131n\u0131 g\u00f6r\u00fc\u015ft\u00fc ve acil durumlar ve ilk yard\u0131m i\u00e7in h\u0131zl\u0131 m\u00fcdahale mekanizmas\u0131n\u0131 g\u00f6zden ge\u00e7irdi.<\/p>\n<p style=\"text-align: justify;\">Ziyaretin en \u00f6nemli noktalar\u0131ndan biri \u0130stanbul&#8217;daki Suriye t\u0131p camias\u0131 \u00fcyeleriyle yap\u0131lan toplant\u0131yd\u0131. Bakan El Ali onlarla Suriye&#8217;deki t\u0131bbi \u00e7al\u0131\u015fmalarla ilgili son geli\u015fmeleri g\u00f6r\u00fc\u015ft\u00fc ve sa\u011fl\u0131k hizmetlerinin kalitesini iyile\u015ftirme ve eri\u015fimlerini geni\u015fletme \u00f6nerilerini dinledi.<\/p>\n<p style=\"text-align: justify;\">Ankara&#8217;da Bakan Ali, Aziz Sancar Ara\u015ft\u0131rma Merkezi&#8217;ni (TUSEB) ziyaret etti ve a\u015f\u0131, ila\u00e7 ve biyoteknoloji geli\u015ftirme projelerini, ayr\u0131ca BIYASAM Ara\u015ft\u0131rma E\u011fitim Merkezi, Bilkent \u015eehir Hastanesi ve \u00e7e\u015fitli uzmanla\u015fm\u0131\u015f t\u0131p merkezlerini inceledi. Bunun yan\u0131nda da T\u00fcrk taraf\u0131yla i\u015fbirli\u011fi yapma ve T\u00fcrk deneyiminden yararlanma olas\u0131l\u0131\u011f\u0131n\u0131 g\u00f6r\u00fc\u015ft\u00fc.<\/p>\n<div id='gallery-1' class='gallery galleryid-323489 gallery-columns-1 gallery-size-full'><figure class='gallery-item'>\n\t\t\t<div class='gallery-icon landscape'>\n\t\t\t\t<a href='https:\/\/archive.sana.sy\/tr\/?attachment_id=323492'><img loading=\"lazy\" decoding=\"async\" width=\"660\" height=\"440\" src=\"https:\/\/archive.sana.sy\/tr\/wp-content\/uploads\/2025\/06\/f1.jpg\" class=\"attachment-full size-full\" alt=\"\" srcset=\"https:\/\/archive.sana.sy\/tr\/wp-content\/uploads\/2025\/06\/f1.jpg 660w, https:\/\/archive.sana.sy\/tr\/wp-content\/uploads\/2025\/06\/f1-300x200.jpg 300w\" sizes=\"auto, (max-width: 660px) 100vw, 660px\" \/><\/a>\n\t\t\t<\/div><\/figure><figure class='gallery-item'>\n\t\t\t<div class='gallery-icon landscape'>\n\t\t\t\t<a href='https:\/\/archive.sana.sy\/tr\/?attachment_id=323493'><img loading=\"lazy\" decoding=\"async\" width=\"660\" height=\"440\" src=\"https:\/\/archive.sana.sy\/tr\/wp-content\/uploads\/2025\/06\/f3.jpg\" class=\"attachment-full size-full\" alt=\"\" srcset=\"https:\/\/archive.sana.sy\/tr\/wp-content\/uploads\/2025\/06\/f3.jpg 660w, https:\/\/archive.sana.sy\/tr\/wp-content\/uploads\/2025\/06\/f3-300x200.jpg 300w\" sizes=\"auto, (max-width: 660px) 100vw, 660px\" \/><\/a>\n\t\t\t<\/div><\/figure><figure class='gallery-item'>\n\t\t\t<div class='gallery-icon landscape'>\n\t\t\t\t<a href='https:\/\/archive.sana.sy\/tr\/?attachment_id=323494'><img loading=\"lazy\" decoding=\"async\" width=\"660\" height=\"440\" src=\"https:\/\/archive.sana.sy\/tr\/wp-content\/uploads\/2025\/06\/f4.jpg\" class=\"attachment-full size-full\" alt=\"\" srcset=\"https:\/\/archive.sana.sy\/tr\/wp-content\/uploads\/2025\/06\/f4.jpg 660w, https:\/\/archive.sana.sy\/tr\/wp-content\/uploads\/2025\/06\/f4-300x200.jpg 300w\" sizes=\"auto, (max-width: 660px) 100vw, 660px\" \/><\/a>\n\t\t\t<\/div><\/figure>\n\t\t<\/div>\n\n<p style=\"text-align: justify;\">\n","protected":false},"excerpt":{"rendered":"<p>\u0130STANBUL (SANA) &#8211; Suriye Sa\u011fl\u0131k Bakan\u0131 Dr. Musab Nezzal El Ali&#8217;nin, Suriye ile T\u00fcrkiye aras\u0131nda sa\u011fl\u0131k sekt\u00f6r\u00fcndeki i\u015f birli\u011fini g\u00fc\u00e7lendirme ve iki \u00fclkedeki sa\u011fl\u0131k kurulu\u015flar\u0131 aras\u0131ndaki ortakl\u0131klar\u0131 harekete ge\u00e7irme kapsam\u0131nda T\u00fcrkiye&#8217;ye ger\u00e7ekle\u015ftirdi\u011fi ziyaret, Suriye&#8217;de sa\u011fl\u0131k sekt\u00f6r\u00fcn\u00fcn geli\u015ftirilmesini ama\u00e7layan bir dizi toplant\u0131 ve giri\u015fimin par\u00e7as\u0131 olarak ger\u00e7ekle\u015ftiriliyor. Sa\u011fl\u0131k Bakan\u0131&#8217;n\u0131n ziyareti s\u0131ras\u0131nda Ba\u015fak\u015fehir \u00c7am ve Sakura \u015eehir &hellip;<\/p>\n","protected":false},"author":44,"featured_media":323490,"comment_status":"closed","ping_status":"closed","sticky":false,"template":"","format":"standard","meta":{"footnotes":""},"categories":[458,459,17988,2554,2555],"tags":[43930],"class_list":["post-323489","post","type-post","status-publish","format-standard","has-post-thumbnail","","category-dunya1","category-haberler-arap-uluslararasi-politika","category-son-haberler","category-suriye-ve-dunya","category-suriye-ve-turkiye","tag-saglik-bakani-turkiye-ziyaretinde-saglik-alaninda-is-birliginin-artirilmasi-konusunu-ele-aldi"],"_links":{"self":[{"href":"https:\/\/archive.sana.sy\/tr\/index.php?rest_route=\/wp\/v2\/posts\/323489","targetHints":{"allow":["GET"]}}],"collection":[{"href":"https:\/\/archive.sana.sy\/tr\/index.php?rest_route=\/wp\/v2\/posts"}],"about":[{"href":"https:\/\/archive.sana.sy\/tr\/index.php?rest_route=\/wp\/v2\/types\/post"}],"author":[{"embeddable":true,"href":"https:\/\/archive.sana.sy\/tr\/index.php?rest_route=\/wp\/v2\/users\/44"}],"replies":[{"embeddable":true,"href":"https:\/\/archive.sana.sy\/tr\/index.php?rest_route=%2Fwp%2Fv2%2Fcomments&post=323489"}],"version-history":[{"count":4,"href":"https:\/\/archive.sana.sy\/tr\/index.php?rest_route=\/wp\/v2\/posts\/323489\/revisions"}],"predecessor-version":[{"id":323498,"href":"https:\/\/archive.sana.sy\/tr\/index.php?rest_route=\/wp\/v2\/posts\/323489\/revisions\/323498"}],"wp:featuredmedia":[{"embeddable":true,"href":"https:\/\/archive.sana.sy\/tr\/index.php?rest_route=\/wp\/v2\/media\/323490"}],"wp:attachment":[{"href":"https:\/\/archive.sana.sy\/tr\/index.php?rest_route=%2Fwp%2Fv2%2Fmedia&parent=323489"}],"wp:term":[{"taxonomy":"category","embeddable":true,"href":"https:\/\/archive.sana.sy\/tr\/index.php?rest_route=%2Fwp%2Fv2%2Fcategories&post=323489"},{"taxonomy":"post_tag","embeddable":true,"href":"https:\/\/archive.sana.sy\/tr\/index.php?rest_route=%2Fwp%2Fv2%2Ftags&post=323489"}],"curies":[{"name":"wp","href":"https:\/\/api.w.org\/{rel}","templated":true}]}}