{"id":323499,"date":"2025-06-20T20:27:09","date_gmt":"2025-06-20T17:27:09","guid":{"rendered":"https:\/\/sana.sy\/tr\/?p=323499"},"modified":"2025-06-21T15:25:30","modified_gmt":"2025-06-21T12:25:30","slug":"bakan-el-seybani-samda-sayin-filippo-grandi-ile-gorustu","status":"publish","type":"post","link":"https:\/\/archive.sana.sy\/tr\/?p=323499","title":{"rendered":"Bakan El \u015eeybani \u00a0\u015eam&#8217;da Say\u0131n Filippo Grandi \u0130le G\u00f6r\u00fc\u015ft\u00fc"},"content":{"rendered":"<p style=\"text-align: justify;\"><span style=\"color: #ff0000;\"><strong>\u015eAM (SANA) &#8211;\u00a0<\/strong><\/span> D\u0131\u015fi\u015fleri ve Gurbet\u00e7iler Bakan\u0131 Asaad El \u015eeybani, \u015eam&#8217;da Birle\u015fmi\u015f Milletler M\u00fclteciler Y\u00fcksek Komiserli\u011fi Y\u00fcksek Komiseri Filippo Grandi ile bir araya geldi.<\/p>\n<p style=\"text-align: justify;\">G\u00f6r\u00fc\u015fmede, Suriye h\u00fck\u00fcmetinin m\u00fcltecilerin g\u00f6n\u00fcll\u00fc ve g\u00fcvenli bir \u015fekilde geri d\u00f6nmeleri i\u00e7in uygun ko\u015fullar\u0131 yaratma \u00e7abalar\u0131n\u0131 desteklemenin \u00f6nemi vurguland\u0131 ve m\u00fcltecilerin onurunu koruyan ve temel ihtiya\u00e7lar\u0131n\u0131 kar\u015f\u0131layan onurlu bir geri d\u00f6n\u00fc\u015f\u00fc sa\u011flamak i\u00e7in i\u015f birli\u011finin yo\u011funla\u015ft\u0131r\u0131lmas\u0131 gerekti\u011fi kaydedildi.<\/p>\n<div id='gallery-1' class='gallery galleryid-323499 gallery-columns-1 gallery-size-full'><figure class='gallery-item'>\n\t\t\t<div class='gallery-icon landscape'>\n\t\t\t\t<a href='https:\/\/archive.sana.sy\/tr\/?attachment_id=323501'><img loading=\"lazy\" decoding=\"async\" width=\"1536\" height=\"862\" src=\"https:\/\/archive.sana.sy\/tr\/wp-content\/uploads\/2025\/06\/photo_2025-06-20_16-05-02-1536x862-1.jpg\" class=\"attachment-full size-full\" alt=\"\" srcset=\"https:\/\/archive.sana.sy\/tr\/wp-content\/uploads\/2025\/06\/photo_2025-06-20_16-05-02-1536x862-1.jpg 1536w, https:\/\/archive.sana.sy\/tr\/wp-content\/uploads\/2025\/06\/photo_2025-06-20_16-05-02-1536x862-1-300x168.jpg 300w, https:\/\/archive.sana.sy\/tr\/wp-content\/uploads\/2025\/06\/photo_2025-06-20_16-05-02-1536x862-1-1024x575.jpg 1024w, https:\/\/archive.sana.sy\/tr\/wp-content\/uploads\/2025\/06\/photo_2025-06-20_16-05-02-1536x862-1-768x431.jpg 768w\" sizes=\"auto, (max-width: 1536px) 100vw, 1536px\" \/><\/a>\n\t\t\t<\/div><\/figure><figure class='gallery-item'>\n\t\t\t<div class='gallery-icon landscape'>\n\t\t\t\t<a href='https:\/\/archive.sana.sy\/tr\/?attachment_id=323502'><img loading=\"lazy\" decoding=\"async\" width=\"1536\" height=\"863\" src=\"https:\/\/archive.sana.sy\/tr\/wp-content\/uploads\/2025\/06\/photo_2025-06-20_16-05-57-1536x863-1.jpg\" class=\"attachment-full size-full\" alt=\"\" srcset=\"https:\/\/archive.sana.sy\/tr\/wp-content\/uploads\/2025\/06\/photo_2025-06-20_16-05-57-1536x863-1.jpg 1536w, https:\/\/archive.sana.sy\/tr\/wp-content\/uploads\/2025\/06\/photo_2025-06-20_16-05-57-1536x863-1-300x169.jpg 300w, https:\/\/archive.sana.sy\/tr\/wp-content\/uploads\/2025\/06\/photo_2025-06-20_16-05-57-1536x863-1-1024x575.jpg 1024w, https:\/\/archive.sana.sy\/tr\/wp-content\/uploads\/2025\/06\/photo_2025-06-20_16-05-57-1536x863-1-768x432.jpg 768w\" sizes=\"auto, (max-width: 1536px) 100vw, 1536px\" \/><\/a>\n\t\t\t<\/div><\/figure>\n\t\t<\/div>\n\n","protected":false},"excerpt":{"rendered":"<p>\u015eAM (SANA) &#8211;\u00a0 D\u0131\u015fi\u015fleri ve Gurbet\u00e7iler Bakan\u0131 Asaad El \u015eeybani, \u015eam&#8217;da Birle\u015fmi\u015f Milletler M\u00fclteciler Y\u00fcksek Komiserli\u011fi Y\u00fcksek Komiseri Filippo Grandi ile bir araya geldi. G\u00f6r\u00fc\u015fmede, Suriye h\u00fck\u00fcmetinin m\u00fcltecilerin g\u00f6n\u00fcll\u00fc ve g\u00fcvenli bir \u015fekilde geri d\u00f6nmeleri i\u00e7in uygun ko\u015fullar\u0131 yaratma \u00e7abalar\u0131n\u0131 desteklemenin \u00f6nemi vurguland\u0131 ve m\u00fcltecilerin onurunu koruyan ve temel ihtiya\u00e7lar\u0131n\u0131 kar\u015f\u0131layan onurlu bir geri d\u00f6n\u00fc\u015f\u00fc &hellip;<\/p>\n","protected":false},"author":41,"featured_media":323500,"comment_status":"closed","ping_status":"closed","sticky":false,"template":"","format":"standard","meta":{"footnotes":""},"categories":[458,589,459,17988],"tags":[],"class_list":["post-323499","post","type-post","status-publish","format-standard","has-post-thumbnail","","category-dunya1","category-haber-seridi","category-haberler-arap-uluslararasi-politika","category-son-haberler"],"_links":{"self":[{"href":"https:\/\/archive.sana.sy\/tr\/index.php?rest_route=\/wp\/v2\/posts\/323499","targetHints":{"allow":["GET"]}}],"collection":[{"href":"https:\/\/archive.sana.sy\/tr\/index.php?rest_route=\/wp\/v2\/posts"}],"about":[{"href":"https:\/\/archive.sana.sy\/tr\/index.php?rest_route=\/wp\/v2\/types\/post"}],"author":[{"embeddable":true,"href":"https:\/\/archive.sana.sy\/tr\/index.php?rest_route=\/wp\/v2\/users\/41"}],"replies":[{"embeddable":true,"href":"https:\/\/archive.sana.sy\/tr\/index.php?rest_route=%2Fwp%2Fv2%2Fcomments&post=323499"}],"version-history":[{"count":2,"href":"https:\/\/archive.sana.sy\/tr\/index.php?rest_route=\/wp\/v2\/posts\/323499\/revisions"}],"predecessor-version":[{"id":323556,"href":"https:\/\/archive.sana.sy\/tr\/index.php?rest_route=\/wp\/v2\/posts\/323499\/revisions\/323556"}],"wp:featuredmedia":[{"embeddable":true,"href":"https:\/\/archive.sana.sy\/tr\/index.php?rest_route=\/wp\/v2\/media\/323500"}],"wp:attachment":[{"href":"https:\/\/archive.sana.sy\/tr\/index.php?rest_route=%2Fwp%2Fv2%2Fmedia&parent=323499"}],"wp:term":[{"taxonomy":"category","embeddable":true,"href":"https:\/\/archive.sana.sy\/tr\/index.php?rest_route=%2Fwp%2Fv2%2Fcategories&post=323499"},{"taxonomy":"post_tag","embeddable":true,"href":"https:\/\/archive.sana.sy\/tr\/index.php?rest_route=%2Fwp%2Fv2%2Ftags&post=323499"}],"curies":[{"name":"wp","href":"https:\/\/api.w.org\/{rel}","templated":true}]}}