{"id":323507,"date":"2025-06-20T21:43:19","date_gmt":"2025-06-20T18:43:19","guid":{"rendered":"https:\/\/sana.sy\/tr\/?p=323507"},"modified":"2025-06-20T21:43:19","modified_gmt":"2025-06-20T18:43:19","slug":"suriye-isvicre-federal-konseyinin-ekonomik-yaptirimlari-kaldirma-kararini-memnuniyetle-karsiladi","status":"publish","type":"post","link":"https:\/\/archive.sana.sy\/tr\/?p=323507","title":{"rendered":"Suriye, \u0130svi\u00e7re Federal Konseyi&#8217;nin Ekonomik Yapt\u0131r\u0131mlar\u0131 Kald\u0131rma Karar\u0131n\u0131 Memnuniyetle Kar\u015f\u0131lad\u0131"},"content":{"rendered":"<p style=\"text-align: justify;\"><span style=\"color: #ff0000;\"><strong>\u015eAM (SANA) &#8211;<\/strong><\/span>\u00a0\u00a0 Suriye Arap Cumhuriyeti, \u0130svi\u00e7re Federal Konseyi&#8217;nin 20 Haziran 2025&#8217;te Suriye&#8217;ye uygulanan ekonomik yapt\u0131r\u0131mlar\u0131n kald\u0131r\u0131lmas\u0131 y\u00f6n\u00fcndeki karar\u0131n\u0131 memnuniyetle kar\u015f\u0131layarak, bunu Suriye halk\u0131n\u0131n \u00e7\u0131karlar\u0131na hizmet eden ve yeniden yap\u0131lanma \u00e7abalar\u0131 ile ekonomik toparlanmaya katk\u0131 sa\u011flayan olumlu bir ad\u0131m olarak de\u011ferlendirdi.<\/p>\n<p style=\"text-align: justify;\">D\u0131\u015fi\u015fleri ve Gurbet\u00e7iler Bakanl\u0131\u011f\u0131 bug\u00fcn yapt\u0131\u011f\u0131 a\u00e7\u0131klamada, bu karar\u0131 uluslararas\u0131 hukukun ruhu ve devlet egemenli\u011fine sayg\u0131 ilkeleriyle uyumlu olarak de\u011ferlendirerek, Suriye&#8217;ye uygulanan yapt\u0131r\u0131mlar\u0131n Suriye halk\u0131n\u0131n temel ihtiya\u00e7lar\u0131n\u0131n kar\u015f\u0131lanmas\u0131nda bir engel oldu\u011funu ve olmaya devam etti\u011fini ve kalk\u0131nma ve istikrara giden yolu engelledi\u011fini vurgulad\u0131.<\/p>\n<p style=\"text-align: justify;\">Baakanl\u0131k a\u00e7\u0131klamas\u0131nda ayr\u0131ca, &#8221;Suriye Arap Cumhuriyeti, \u0130svi\u00e7re&#8217;nin dengeli tutumundan duydu\u011fu memnuniyeti dile getirir ve di\u011fer \u00fclkelerin de \u0130svi\u00e7re ve Avrupa Birli\u011fi \u00f6rne\u011fini izleyerek Suriyeli m\u00fcltecilerin g\u00f6n\u00fcll\u00fc ve g\u00fcvenli geri d\u00f6n\u00fc\u015f \u015fans\u0131n\u0131 art\u0131rmaya ve d\u0131\u015f m\u00fcdahale olmaks\u0131z\u0131n Suriyelilerin kendi \u00f6nc\u00fcl\u00fc\u011f\u00fcnde bir siyasi \u00e7\u00f6z\u00fcme ula\u015fma \u00e7abalar\u0131n\u0131 desteklemeye katk\u0131da bulunmalar\u0131n\u0131 umdu\u011funu ifade ediyor&#8221; ifadelerini kulland\u0131.<\/p>\n","protected":false},"excerpt":{"rendered":"<p>\u015eAM (SANA) &#8211;\u00a0\u00a0 Suriye Arap Cumhuriyeti, \u0130svi\u00e7re Federal Konseyi&#8217;nin 20 Haziran 2025&#8217;te Suriye&#8217;ye uygulanan ekonomik yapt\u0131r\u0131mlar\u0131n kald\u0131r\u0131lmas\u0131 y\u00f6n\u00fcndeki karar\u0131n\u0131 memnuniyetle kar\u015f\u0131layarak, bunu Suriye halk\u0131n\u0131n \u00e7\u0131karlar\u0131na hizmet eden ve yeniden yap\u0131lanma \u00e7abalar\u0131 ile ekonomik toparlanmaya katk\u0131 sa\u011flayan olumlu bir ad\u0131m olarak de\u011ferlendirdi. D\u0131\u015fi\u015fleri ve Gurbet\u00e7iler Bakanl\u0131\u011f\u0131 bug\u00fcn yapt\u0131\u011f\u0131 a\u00e7\u0131klamada, bu karar\u0131 uluslararas\u0131 hukukun ruhu ve devlet &hellip;<\/p>\n","protected":false},"author":41,"featured_media":323039,"comment_status":"closed","ping_status":"closed","sticky":false,"template":"","format":"standard","meta":{"footnotes":""},"categories":[589,479,17988,478],"tags":[],"class_list":["post-323507","post","type-post","status-publish","format-standard","has-post-thumbnail","","category-haber-seridi","category-haberler-yerel","category-son-haberler","category-yerel"],"_links":{"self":[{"href":"https:\/\/archive.sana.sy\/tr\/index.php?rest_route=\/wp\/v2\/posts\/323507","targetHints":{"allow":["GET"]}}],"collection":[{"href":"https:\/\/archive.sana.sy\/tr\/index.php?rest_route=\/wp\/v2\/posts"}],"about":[{"href":"https:\/\/archive.sana.sy\/tr\/index.php?rest_route=\/wp\/v2\/types\/post"}],"author":[{"embeddable":true,"href":"https:\/\/archive.sana.sy\/tr\/index.php?rest_route=\/wp\/v2\/users\/41"}],"replies":[{"embeddable":true,"href":"https:\/\/archive.sana.sy\/tr\/index.php?rest_route=%2Fwp%2Fv2%2Fcomments&post=323507"}],"version-history":[{"count":1,"href":"https:\/\/archive.sana.sy\/tr\/index.php?rest_route=\/wp\/v2\/posts\/323507\/revisions"}],"predecessor-version":[{"id":323509,"href":"https:\/\/archive.sana.sy\/tr\/index.php?rest_route=\/wp\/v2\/posts\/323507\/revisions\/323509"}],"wp:featuredmedia":[{"embeddable":true,"href":"https:\/\/archive.sana.sy\/tr\/index.php?rest_route=\/wp\/v2\/media\/323039"}],"wp:attachment":[{"href":"https:\/\/archive.sana.sy\/tr\/index.php?rest_route=%2Fwp%2Fv2%2Fmedia&parent=323507"}],"wp:term":[{"taxonomy":"category","embeddable":true,"href":"https:\/\/archive.sana.sy\/tr\/index.php?rest_route=%2Fwp%2Fv2%2Fcategories&post=323507"},{"taxonomy":"post_tag","embeddable":true,"href":"https:\/\/archive.sana.sy\/tr\/index.php?rest_route=%2Fwp%2Fv2%2Ftags&post=323507"}],"curies":[{"name":"wp","href":"https:\/\/api.w.org\/{rel}","templated":true}]}}