{"id":323510,"date":"2025-06-21T10:17:01","date_gmt":"2025-06-21T07:17:01","guid":{"rendered":"https:\/\/sana.sy\/tr\/?p=323510"},"modified":"2025-06-21T10:17:01","modified_gmt":"2025-06-21T07:17:01","slug":"saglik-bakani-istanbulda-ikamet-eden-suriyeli-saglik-personeliyle-bir-araya-geldi","status":"publish","type":"post","link":"https:\/\/archive.sana.sy\/tr\/?p=323510","title":{"rendered":"Sa\u011fl\u0131k Bakan\u0131, \u0130stanbul&#8217;da \u0130kamet Eden Suriyeli Sa\u011fl\u0131k Personeliyle Bir Araya Geldi"},"content":{"rendered":"<p style=\"text-align: justify;\"><span style=\"color: #800000;\"><strong>\u0130STANBUL (SANA) &#8211;<\/strong> <\/span>Sa\u011fl\u0131k Bakan\u0131 Dr. Musab El Ali, \u0130stanbul&#8217;da ikamet eden \u00e7ok say\u0131da Suriyeli sa\u011fl\u0131k personeliyle Suriye&#8217;de sa\u011fl\u0131k sekt\u00f6r\u00fcn\u00fcn geli\u015ftirilmesinin yollar\u0131n\u0131 g\u00f6r\u00fc\u015ft\u00fc.<\/p>\n<p style=\"text-align: justify;\">Toplant\u0131da Dr. El Ali, Sa\u011fl\u0131k Bakanl\u0131\u011f\u0131&#8217;n\u0131n gelecek vizyonu ve sa\u011fl\u0131k sekt\u00f6r\u00fcn\u00fc geli\u015ftirme planlar\u0131 hakk\u0131nda kapsaml\u0131 bir sunum yaparak, Suriye&#8217;de vatanda\u015flara sa\u011flanan sa\u011fl\u0131k hizmetlerinin kalitesini art\u0131rmak i\u00e7in devam eden ileti\u015fimin art\u0131r\u0131lmas\u0131n\u0131n gereklili\u011fine dikkat \u00e7ekti.<\/p>\n<p style=\"text-align: justify;\">Sa\u011fl\u0131k personelinin katk\u0131lar\u0131n\u0131 ve \u00f6nerilerini dinleyen Bakan El Ali, ulusal sa\u011fl\u0131k sisteminin yeniden in\u015fas\u0131na destek olmak i\u00e7in onlar\u0131n uzmanl\u0131klar\u0131ndan yararlanman\u0131n \u00f6nemini vurgulad\u0131.<\/p>\n","protected":false},"excerpt":{"rendered":"<p>\u0130STANBUL (SANA) &#8211; Sa\u011fl\u0131k Bakan\u0131 Dr. Musab El Ali, \u0130stanbul&#8217;da ikamet eden \u00e7ok say\u0131da Suriyeli sa\u011fl\u0131k personeliyle Suriye&#8217;de sa\u011fl\u0131k sekt\u00f6r\u00fcn\u00fcn geli\u015ftirilmesinin yollar\u0131n\u0131 g\u00f6r\u00fc\u015ft\u00fc. Toplant\u0131da Dr. El Ali, Sa\u011fl\u0131k Bakanl\u0131\u011f\u0131&#8217;n\u0131n gelecek vizyonu ve sa\u011fl\u0131k sekt\u00f6r\u00fcn\u00fc geli\u015ftirme planlar\u0131 hakk\u0131nda kapsaml\u0131 bir sunum yaparak, Suriye&#8217;de vatanda\u015flara sa\u011flanan sa\u011fl\u0131k hizmetlerinin kalitesini art\u0131rmak i\u00e7in devam eden ileti\u015fimin art\u0131r\u0131lmas\u0131n\u0131n gereklili\u011fine dikkat &hellip;<\/p>\n","protected":false},"author":44,"featured_media":323511,"comment_status":"closed","ping_status":"closed","sticky":false,"template":"","format":"standard","meta":{"footnotes":""},"categories":[458,589,459,17988,2555],"tags":[43931,4121],"class_list":["post-323510","post","type-post","status-publish","format-standard","has-post-thumbnail","","category-dunya1","category-haber-seridi","category-haberler-arap-uluslararasi-politika","category-son-haberler","category-suriye-ve-turkiye","tag-istanbulda-ikamet-eden-suriyeli-saglik-personeliyle-bir-araya-geldi","tag-saglik-bakani"],"_links":{"self":[{"href":"https:\/\/archive.sana.sy\/tr\/index.php?rest_route=\/wp\/v2\/posts\/323510","targetHints":{"allow":["GET"]}}],"collection":[{"href":"https:\/\/archive.sana.sy\/tr\/index.php?rest_route=\/wp\/v2\/posts"}],"about":[{"href":"https:\/\/archive.sana.sy\/tr\/index.php?rest_route=\/wp\/v2\/types\/post"}],"author":[{"embeddable":true,"href":"https:\/\/archive.sana.sy\/tr\/index.php?rest_route=\/wp\/v2\/users\/44"}],"replies":[{"embeddable":true,"href":"https:\/\/archive.sana.sy\/tr\/index.php?rest_route=%2Fwp%2Fv2%2Fcomments&post=323510"}],"version-history":[{"count":1,"href":"https:\/\/archive.sana.sy\/tr\/index.php?rest_route=\/wp\/v2\/posts\/323510\/revisions"}],"predecessor-version":[{"id":323512,"href":"https:\/\/archive.sana.sy\/tr\/index.php?rest_route=\/wp\/v2\/posts\/323510\/revisions\/323512"}],"wp:featuredmedia":[{"embeddable":true,"href":"https:\/\/archive.sana.sy\/tr\/index.php?rest_route=\/wp\/v2\/media\/323511"}],"wp:attachment":[{"href":"https:\/\/archive.sana.sy\/tr\/index.php?rest_route=%2Fwp%2Fv2%2Fmedia&parent=323510"}],"wp:term":[{"taxonomy":"category","embeddable":true,"href":"https:\/\/archive.sana.sy\/tr\/index.php?rest_route=%2Fwp%2Fv2%2Fcategories&post=323510"},{"taxonomy":"post_tag","embeddable":true,"href":"https:\/\/archive.sana.sy\/tr\/index.php?rest_route=%2Fwp%2Fv2%2Ftags&post=323510"}],"curies":[{"name":"wp","href":"https:\/\/api.w.org\/{rel}","templated":true}]}}