{"id":323513,"date":"2025-06-21T10:23:57","date_gmt":"2025-06-21T07:23:57","guid":{"rendered":"https:\/\/sana.sy\/tr\/?p=323513"},"modified":"2025-06-21T10:23:57","modified_gmt":"2025-06-21T07:23:57","slug":"bm-insani-yardim-koordinatoru-suriyenin-toparlanmasina-yardimci-olmaya-kararliyiz","status":"publish","type":"post","link":"https:\/\/archive.sana.sy\/tr\/?p=323513","title":{"rendered":"BM \u0130nsani Yard\u0131m Koordinat\u00f6r\u00fc: Suriye&#8217;nin Toparlanmas\u0131na Yard\u0131mc\u0131 Olmaya Kararl\u0131y\u0131z"},"content":{"rendered":"<p style=\"text-align: justify;\"><span style=\"color: #800000;\"><strong>\u015eAM (SANA) &#8211;<\/strong><\/span> BM Suriye \u0130nsani Yard\u0131m Koordinat\u00f6r\u00fc Adam Abdulmavla, BM&#8217;nin Suriye ve halk\u0131na yard\u0131m etme konusundaki kararl\u0131l\u0131\u011f\u0131n\u0131 yineledi.<\/p>\n<p style=\"text-align: justify;\">Abdulmavla, bug\u00fcn X platformunda D\u00fcnya M\u00fclteciler G\u00fcn\u00fc dolay\u0131s\u0131yla yapt\u0131\u011f\u0131 payla\u015f\u0131mda, &#8220;Bu y\u0131lki D\u00fcnya M\u00fclteciler G\u00fcn\u00fc, vatanlar\u0131na geri d\u00f6nmeyi ve hayatlar\u0131n\u0131 yeniden kurmay\u0131 hayal edebilen milyonlarca Suriyeli i\u00e7in umut dolu geliyor.&#8221; ifadelerini kulland\u0131.<\/p>\n<p style=\"text-align: justify;\">Abdulmavla ayr\u0131ca, Suriyeli m\u00fcltecilerin \u00fclkelerine s\u00fcrd\u00fcr\u00fclebilir bir \u015fekilde geri d\u00f6n\u00fc\u015flerinin, onlara insanca bir ya\u015fam sa\u011flayacak ge\u00e7im kaynaklar\u0131, altyap\u0131 ve hizmetler gerektirdi\u011fini kaydetti.<\/p>\n","protected":false},"excerpt":{"rendered":"<p>\u015eAM (SANA) &#8211; BM Suriye \u0130nsani Yard\u0131m Koordinat\u00f6r\u00fc Adam Abdulmavla, BM&#8217;nin Suriye ve halk\u0131na yard\u0131m etme konusundaki kararl\u0131l\u0131\u011f\u0131n\u0131 yineledi. Abdulmavla, bug\u00fcn X platformunda D\u00fcnya M\u00fclteciler G\u00fcn\u00fc dolay\u0131s\u0131yla yapt\u0131\u011f\u0131 payla\u015f\u0131mda, &#8220;Bu y\u0131lki D\u00fcnya M\u00fclteciler G\u00fcn\u00fc, vatanlar\u0131na geri d\u00f6nmeyi ve hayatlar\u0131n\u0131 yeniden kurmay\u0131 hayal edebilen milyonlarca Suriyeli i\u00e7in umut dolu geliyor.&#8221; ifadelerini kulland\u0131. Abdulmavla ayr\u0131ca, Suriyeli m\u00fcltecilerin &hellip;<\/p>\n","protected":false},"author":44,"featured_media":323514,"comment_status":"closed","ping_status":"closed","sticky":false,"template":"","format":"standard","meta":{"footnotes":""},"categories":[589,479,17988,478],"tags":[43932],"class_list":["post-323513","post","type-post","status-publish","format-standard","has-post-thumbnail","","category-haber-seridi","category-haberler-yerel","category-son-haberler","category-yerel","tag-bm-insani-yardim-koordinatoru-suriyenin-toparlanmasina-yardimci-olmaya-kararliyiz"],"_links":{"self":[{"href":"https:\/\/archive.sana.sy\/tr\/index.php?rest_route=\/wp\/v2\/posts\/323513","targetHints":{"allow":["GET"]}}],"collection":[{"href":"https:\/\/archive.sana.sy\/tr\/index.php?rest_route=\/wp\/v2\/posts"}],"about":[{"href":"https:\/\/archive.sana.sy\/tr\/index.php?rest_route=\/wp\/v2\/types\/post"}],"author":[{"embeddable":true,"href":"https:\/\/archive.sana.sy\/tr\/index.php?rest_route=\/wp\/v2\/users\/44"}],"replies":[{"embeddable":true,"href":"https:\/\/archive.sana.sy\/tr\/index.php?rest_route=%2Fwp%2Fv2%2Fcomments&post=323513"}],"version-history":[{"count":1,"href":"https:\/\/archive.sana.sy\/tr\/index.php?rest_route=\/wp\/v2\/posts\/323513\/revisions"}],"predecessor-version":[{"id":323515,"href":"https:\/\/archive.sana.sy\/tr\/index.php?rest_route=\/wp\/v2\/posts\/323513\/revisions\/323515"}],"wp:featuredmedia":[{"embeddable":true,"href":"https:\/\/archive.sana.sy\/tr\/index.php?rest_route=\/wp\/v2\/media\/323514"}],"wp:attachment":[{"href":"https:\/\/archive.sana.sy\/tr\/index.php?rest_route=%2Fwp%2Fv2%2Fmedia&parent=323513"}],"wp:term":[{"taxonomy":"category","embeddable":true,"href":"https:\/\/archive.sana.sy\/tr\/index.php?rest_route=%2Fwp%2Fv2%2Fcategories&post=323513"},{"taxonomy":"post_tag","embeddable":true,"href":"https:\/\/archive.sana.sy\/tr\/index.php?rest_route=%2Fwp%2Fv2%2Ftags&post=323513"}],"curies":[{"name":"wp","href":"https:\/\/api.w.org\/{rel}","templated":true}]}}