{"id":323517,"date":"2025-06-21T10:32:21","date_gmt":"2025-06-21T07:32:21","guid":{"rendered":"https:\/\/sana.sy\/tr\/?p=323517"},"modified":"2025-06-21T10:32:21","modified_gmt":"2025-06-21T07:32:21","slug":"isvicre-federal-konseyi-suriyeye-uygulanan-ekonomik-yaptirimlari-kaldirdi","status":"publish","type":"post","link":"https:\/\/archive.sana.sy\/tr\/?p=323517","title":{"rendered":"\u0130svi\u00e7re Federal Konseyi, Suriye&#8217;ye Uygulanan Ekonomik Yapt\u0131r\u0131mlar\u0131 Kald\u0131rd\u0131"},"content":{"rendered":"<p style=\"text-align: justify;\"><span style=\"color: #800000;\"><strong>BERN (SANA) &#8211;<\/strong><\/span> \u0130svi\u00e7re Federal Konseyi, Suriye&#8217;ye y\u00f6nelik ekonomik yapt\u0131r\u0131mlar\u0131n yan\u0131 s\u0131ra baz\u0131 finansal hizmetlerin sunulmas\u0131, k\u0131ymetli metallerin ticareti ve l\u00fcks mallar\u0131n ihracat\u0131na y\u00f6nelik k\u0131s\u0131tlamalar\u0131n kald\u0131r\u0131lmas\u0131na karar verdi.<\/p>\n<p style=\"text-align: justify;\">Konseyin internet sitesinde yay\u0131nlanan karar metni \u015f\u00f6yle: &#8220;\u0130svi\u00e7re Federal Konseyi, Suriye&#8217;ye uygulanan ekonomik yapt\u0131r\u0131mlar\u0131n kald\u0131r\u0131lmas\u0131na karar verdi. Karar ayn\u0131 g\u00fcn yerel saatle 18:00&#8217;da y\u00fcr\u00fcrl\u00fc\u011fe girecek.&#8221;<\/p>\n<p style=\"text-align: justify;\">Kararda, Suriye Merkez Bankas\u0131 da dahil olmak \u00fczere Suriye&#8217;nin ekonomik toparlanmas\u0131nda rol oynayan 24 \u00f6nemli kurulu\u015fun ad\u0131n\u0131n, varl\u0131k ve ekonomik kaynaklar\u0131n\u0131n dondurulaca\u011f\u0131 kurulu\u015flar listesinden \u00e7\u0131kar\u0131ld\u0131\u011f\u0131 belirtildi.<\/p>\n","protected":false},"excerpt":{"rendered":"<p>BERN (SANA) &#8211; \u0130svi\u00e7re Federal Konseyi, Suriye&#8217;ye y\u00f6nelik ekonomik yapt\u0131r\u0131mlar\u0131n yan\u0131 s\u0131ra baz\u0131 finansal hizmetlerin sunulmas\u0131, k\u0131ymetli metallerin ticareti ve l\u00fcks mallar\u0131n ihracat\u0131na y\u00f6nelik k\u0131s\u0131tlamalar\u0131n kald\u0131r\u0131lmas\u0131na karar verdi. Konseyin internet sitesinde yay\u0131nlanan karar metni \u015f\u00f6yle: &#8220;\u0130svi\u00e7re Federal Konseyi, Suriye&#8217;ye uygulanan ekonomik yapt\u0131r\u0131mlar\u0131n kald\u0131r\u0131lmas\u0131na karar verdi. Karar ayn\u0131 g\u00fcn yerel saatle 18:00&#8217;da y\u00fcr\u00fcrl\u00fc\u011fe girecek.&#8221; Kararda, Suriye &hellip;<\/p>\n","protected":false},"author":44,"featured_media":323518,"comment_status":"closed","ping_status":"closed","sticky":false,"template":"","format":"standard","meta":{"footnotes":""},"categories":[458,589,459,17988],"tags":[43933,43934],"class_list":["post-323517","post","type-post","status-publish","format-standard","has-post-thumbnail","","category-dunya1","category-haber-seridi","category-haberler-arap-uluslararasi-politika","category-son-haberler","tag-isvicre-federal-konseyi","tag-suriyeye-uygulanan-ekonomik-yaptirimlari-kaldirdi"],"_links":{"self":[{"href":"https:\/\/archive.sana.sy\/tr\/index.php?rest_route=\/wp\/v2\/posts\/323517","targetHints":{"allow":["GET"]}}],"collection":[{"href":"https:\/\/archive.sana.sy\/tr\/index.php?rest_route=\/wp\/v2\/posts"}],"about":[{"href":"https:\/\/archive.sana.sy\/tr\/index.php?rest_route=\/wp\/v2\/types\/post"}],"author":[{"embeddable":true,"href":"https:\/\/archive.sana.sy\/tr\/index.php?rest_route=\/wp\/v2\/users\/44"}],"replies":[{"embeddable":true,"href":"https:\/\/archive.sana.sy\/tr\/index.php?rest_route=%2Fwp%2Fv2%2Fcomments&post=323517"}],"version-history":[{"count":1,"href":"https:\/\/archive.sana.sy\/tr\/index.php?rest_route=\/wp\/v2\/posts\/323517\/revisions"}],"predecessor-version":[{"id":323519,"href":"https:\/\/archive.sana.sy\/tr\/index.php?rest_route=\/wp\/v2\/posts\/323517\/revisions\/323519"}],"wp:featuredmedia":[{"embeddable":true,"href":"https:\/\/archive.sana.sy\/tr\/index.php?rest_route=\/wp\/v2\/media\/323518"}],"wp:attachment":[{"href":"https:\/\/archive.sana.sy\/tr\/index.php?rest_route=%2Fwp%2Fv2%2Fmedia&parent=323517"}],"wp:term":[{"taxonomy":"category","embeddable":true,"href":"https:\/\/archive.sana.sy\/tr\/index.php?rest_route=%2Fwp%2Fv2%2Fcategories&post=323517"},{"taxonomy":"post_tag","embeddable":true,"href":"https:\/\/archive.sana.sy\/tr\/index.php?rest_route=%2Fwp%2Fv2%2Ftags&post=323517"}],"curies":[{"name":"wp","href":"https:\/\/api.w.org\/{rel}","templated":true}]}}