{"id":323531,"date":"2025-06-21T13:27:44","date_gmt":"2025-06-21T10:27:44","guid":{"rendered":"https:\/\/sana.sy\/tr\/?p=323531"},"modified":"2025-06-22T13:35:09","modified_gmt":"2025-06-22T10:35:09","slug":"disisleri-bakani-islam-isbirligi-teskilati-disisleri-bakanlari-konseyinin-51-oturumuna-katildi","status":"publish","type":"post","link":"https:\/\/archive.sana.sy\/tr\/?p=323531","title":{"rendered":"D\u0131\u015fi\u015fleri Bakan\u0131, \u0130slam \u0130\u015fbirli\u011fi Te\u015fkilat\u0131 D\u0131\u015fi\u015fleri Bakanlar\u0131 Konseyi&#8217;nin 51. Oturumuna Kat\u0131ld\u0131"},"content":{"rendered":"<p style=\"text-align: justify;\"><span style=\"color: #800000;\"><strong>\u0130STANBUL (SANA) &#8211;<\/strong> <\/span>D\u0131\u015fi\u015fleri ve Gurbet\u00e7iler Bakan\u0131 Say\u0131n Asaad El \u015eeybani, bu y\u0131l (21) ve (22) Haziran tarihlerinde\u00a0 T\u00fcrkiye&#8217;nin \u0130stanbul \u015eehrinde d\u00fczenlenen \u0130slam \u0130\u015fbirli\u011fi Te\u015fkilat\u0131 D\u0131\u015fi\u015fleri Bakanlar\u0131 Konseyi&#8217;nin 51. oturumuna kat\u0131ld\u0131.<\/p>\n<div id='gallery-1' class='gallery galleryid-323531 gallery-columns-2 gallery-size-large'><figure class='gallery-item'>\n\t\t\t<div class='gallery-icon landscape'>\n\t\t\t\t<a href='https:\/\/archive.sana.sy\/tr\/?attachment_id=323533'><img loading=\"lazy\" decoding=\"async\" width=\"618\" height=\"347\" src=\"https:\/\/archive.sana.sy\/tr\/wp-content\/uploads\/2025\/06\/photo_2025-06-21_12-59-38-1024x575.jpg\" class=\"attachment-large size-large\" alt=\"\" srcset=\"https:\/\/archive.sana.sy\/tr\/wp-content\/uploads\/2025\/06\/photo_2025-06-21_12-59-38-1024x575.jpg 1024w, https:\/\/archive.sana.sy\/tr\/wp-content\/uploads\/2025\/06\/photo_2025-06-21_12-59-38-300x169.jpg 300w, https:\/\/archive.sana.sy\/tr\/wp-content\/uploads\/2025\/06\/photo_2025-06-21_12-59-38-768x431.jpg 768w, https:\/\/archive.sana.sy\/tr\/wp-content\/uploads\/2025\/06\/photo_2025-06-21_12-59-38.jpg 1280w\" sizes=\"auto, (max-width: 618px) 100vw, 618px\" \/><\/a>\n\t\t\t<\/div><\/figure><figure class='gallery-item'>\n\t\t\t<div class='gallery-icon landscape'>\n\t\t\t\t<a href='https:\/\/archive.sana.sy\/tr\/?attachment_id=323534'><img loading=\"lazy\" decoding=\"async\" width=\"618\" height=\"348\" src=\"https:\/\/archive.sana.sy\/tr\/wp-content\/uploads\/2025\/06\/photo_2025-06-21_13-06-23-1024x576.jpg\" class=\"attachment-large size-large\" alt=\"\" srcset=\"https:\/\/archive.sana.sy\/tr\/wp-content\/uploads\/2025\/06\/photo_2025-06-21_13-06-23-1024x576.jpg 1024w, https:\/\/archive.sana.sy\/tr\/wp-content\/uploads\/2025\/06\/photo_2025-06-21_13-06-23-300x169.jpg 300w, https:\/\/archive.sana.sy\/tr\/wp-content\/uploads\/2025\/06\/photo_2025-06-21_13-06-23-768x432.jpg 768w, https:\/\/archive.sana.sy\/tr\/wp-content\/uploads\/2025\/06\/photo_2025-06-21_13-06-23.jpg 1280w\" sizes=\"auto, (max-width: 618px) 100vw, 618px\" \/><\/a>\n\t\t\t<\/div><\/figure>\n\t\t<\/div>\n\n","protected":false},"excerpt":{"rendered":"<p>\u0130STANBUL (SANA) &#8211; D\u0131\u015fi\u015fleri ve Gurbet\u00e7iler Bakan\u0131 Say\u0131n Asaad El \u015eeybani, bu y\u0131l (21) ve (22) Haziran tarihlerinde\u00a0 T\u00fcrkiye&#8217;nin \u0130stanbul \u015eehrinde d\u00fczenlenen \u0130slam \u0130\u015fbirli\u011fi Te\u015fkilat\u0131 D\u0131\u015fi\u015fleri Bakanlar\u0131 Konseyi&#8217;nin 51. oturumuna kat\u0131ld\u0131.<\/p>\n","protected":false},"author":44,"featured_media":323532,"comment_status":"closed","ping_status":"closed","sticky":false,"template":"","format":"standard","meta":{"footnotes":""},"categories":[458,459,17988],"tags":[19199,43936],"class_list":["post-323531","post","type-post","status-publish","format-standard","has-post-thumbnail","","category-dunya1","category-haberler-arap-uluslararasi-politika","category-son-haberler","tag-disisleri-bakani","tag-islam-isbirligi-teskilati-disisleri-bakanlari-konseyinin-51-oturumuna-katildi"],"_links":{"self":[{"href":"https:\/\/archive.sana.sy\/tr\/index.php?rest_route=\/wp\/v2\/posts\/323531","targetHints":{"allow":["GET"]}}],"collection":[{"href":"https:\/\/archive.sana.sy\/tr\/index.php?rest_route=\/wp\/v2\/posts"}],"about":[{"href":"https:\/\/archive.sana.sy\/tr\/index.php?rest_route=\/wp\/v2\/types\/post"}],"author":[{"embeddable":true,"href":"https:\/\/archive.sana.sy\/tr\/index.php?rest_route=\/wp\/v2\/users\/44"}],"replies":[{"embeddable":true,"href":"https:\/\/archive.sana.sy\/tr\/index.php?rest_route=%2Fwp%2Fv2%2Fcomments&post=323531"}],"version-history":[{"count":1,"href":"https:\/\/archive.sana.sy\/tr\/index.php?rest_route=\/wp\/v2\/posts\/323531\/revisions"}],"predecessor-version":[{"id":323535,"href":"https:\/\/archive.sana.sy\/tr\/index.php?rest_route=\/wp\/v2\/posts\/323531\/revisions\/323535"}],"wp:featuredmedia":[{"embeddable":true,"href":"https:\/\/archive.sana.sy\/tr\/index.php?rest_route=\/wp\/v2\/media\/323532"}],"wp:attachment":[{"href":"https:\/\/archive.sana.sy\/tr\/index.php?rest_route=%2Fwp%2Fv2%2Fmedia&parent=323531"}],"wp:term":[{"taxonomy":"category","embeddable":true,"href":"https:\/\/archive.sana.sy\/tr\/index.php?rest_route=%2Fwp%2Fv2%2Fcategories&post=323531"},{"taxonomy":"post_tag","embeddable":true,"href":"https:\/\/archive.sana.sy\/tr\/index.php?rest_route=%2Fwp%2Fv2%2Ftags&post=323531"}],"curies":[{"name":"wp","href":"https:\/\/api.w.org\/{rel}","templated":true}]}}