{"id":323538,"date":"2025-06-21T14:05:47","date_gmt":"2025-06-21T11:05:47","guid":{"rendered":"https:\/\/sana.sy\/tr\/?p=323538"},"modified":"2025-06-22T17:07:53","modified_gmt":"2025-06-22T14:07:53","slug":"savunma-bakani-samda-bk-harekatlarindan-sorumlu-genel-sekreter-yardimcisi-ve-beraberindeki-heyetle-bir-araya-geldi","status":"publish","type":"post","link":"https:\/\/archive.sana.sy\/tr\/?p=323538","title":{"rendered":"Savunma Bakan\u0131, \u015eam&#8217;da BK Harekatlar\u0131ndan Sorumlu Genel Sekreter Yard\u0131mc\u0131s\u0131 Ve Beraberindeki Heyetle Bir Araya Geldi"},"content":{"rendered":"<p style=\"text-align: justify;\"><span style=\"color: #800000;\"><strong>\u015eAM (SANA) &#8211;<\/strong><\/span> Savunma Bakan\u0131 T\u00fcmgeneral Murhaf Ebu Kasra, Bar\u0131\u015f\u0131 Koruma Harek\u00e2tlar\u0131ndan Sorumlu Genel Sekreter Yard\u0131mc\u0131s\u0131 Jean-Pierre Lacroix ve beraberindeki heyetle \u015eam&#8217;daki bakanl\u0131k merkezinde bir araya geldi.<\/p>\n<p style=\"text-align: justify;\">G\u00f6r\u00fc\u015fmede, b\u00f6lgede bar\u0131\u015f ve istikrar\u0131n sa\u011flanmas\u0131 amac\u0131yla BM misyonuyla ileti\u015fim ve koordinasyonun art\u0131r\u0131lmas\u0131na y\u00f6nelik mekanizmalar ele al\u0131nd\u0131.<\/p>\n<div id='gallery-1' class='gallery galleryid-323538 gallery-columns-2 gallery-size-large'><figure class='gallery-item'>\n\t\t\t<div class='gallery-icon landscape'>\n\t\t\t\t<a href='https:\/\/archive.sana.sy\/tr\/?attachment_id=323541'><img loading=\"lazy\" decoding=\"async\" width=\"618\" height=\"412\" src=\"https:\/\/archive.sana.sy\/tr\/wp-content\/uploads\/2025\/06\/photo_2025-06-21_13-31-21-1024x682.jpg\" class=\"attachment-large size-large\" alt=\"\" srcset=\"https:\/\/archive.sana.sy\/tr\/wp-content\/uploads\/2025\/06\/photo_2025-06-21_13-31-21-1024x682.jpg 1024w, https:\/\/archive.sana.sy\/tr\/wp-content\/uploads\/2025\/06\/photo_2025-06-21_13-31-21-300x200.jpg 300w, https:\/\/archive.sana.sy\/tr\/wp-content\/uploads\/2025\/06\/photo_2025-06-21_13-31-21-768x512.jpg 768w, https:\/\/archive.sana.sy\/tr\/wp-content\/uploads\/2025\/06\/photo_2025-06-21_13-31-21.jpg 1280w\" sizes=\"auto, (max-width: 618px) 100vw, 618px\" \/><\/a>\n\t\t\t<\/div><\/figure><figure class='gallery-item'>\n\t\t\t<div class='gallery-icon landscape'>\n\t\t\t\t<a href='https:\/\/archive.sana.sy\/tr\/?attachment_id=323542'><img loading=\"lazy\" decoding=\"async\" width=\"618\" height=\"412\" src=\"https:\/\/archive.sana.sy\/tr\/wp-content\/uploads\/2025\/06\/photo_2025-06-21_13-31-22-2-1024x682.jpg\" class=\"attachment-large size-large\" alt=\"\" srcset=\"https:\/\/archive.sana.sy\/tr\/wp-content\/uploads\/2025\/06\/photo_2025-06-21_13-31-22-2-1024x682.jpg 1024w, https:\/\/archive.sana.sy\/tr\/wp-content\/uploads\/2025\/06\/photo_2025-06-21_13-31-22-2-300x200.jpg 300w, https:\/\/archive.sana.sy\/tr\/wp-content\/uploads\/2025\/06\/photo_2025-06-21_13-31-22-2-768x512.jpg 768w, https:\/\/archive.sana.sy\/tr\/wp-content\/uploads\/2025\/06\/photo_2025-06-21_13-31-22-2.jpg 1280w\" sizes=\"auto, (max-width: 618px) 100vw, 618px\" \/><\/a>\n\t\t\t<\/div><\/figure><figure class='gallery-item'>\n\t\t\t<div class='gallery-icon landscape'>\n\t\t\t\t<a href='https:\/\/archive.sana.sy\/tr\/?attachment_id=323543'><img loading=\"lazy\" decoding=\"async\" width=\"618\" height=\"412\" src=\"https:\/\/archive.sana.sy\/tr\/wp-content\/uploads\/2025\/06\/photo_2025-06-21_13-31-22-4-1024x682.jpg\" class=\"attachment-large size-large\" alt=\"\" srcset=\"https:\/\/archive.sana.sy\/tr\/wp-content\/uploads\/2025\/06\/photo_2025-06-21_13-31-22-4-1024x682.jpg 1024w, https:\/\/archive.sana.sy\/tr\/wp-content\/uploads\/2025\/06\/photo_2025-06-21_13-31-22-4-300x200.jpg 300w, https:\/\/archive.sana.sy\/tr\/wp-content\/uploads\/2025\/06\/photo_2025-06-21_13-31-22-4-768x512.jpg 768w, https:\/\/archive.sana.sy\/tr\/wp-content\/uploads\/2025\/06\/photo_2025-06-21_13-31-22-4.jpg 1280w\" sizes=\"auto, (max-width: 618px) 100vw, 618px\" \/><\/a>\n\t\t\t<\/div><\/figure><figure class='gallery-item'>\n\t\t\t<div class='gallery-icon landscape'>\n\t\t\t\t<a href='https:\/\/archive.sana.sy\/tr\/?attachment_id=323544'><img loading=\"lazy\" decoding=\"async\" width=\"618\" height=\"412\" src=\"https:\/\/archive.sana.sy\/tr\/wp-content\/uploads\/2025\/06\/photo_2025-06-21_13-31-22-1024x682.jpg\" class=\"attachment-large size-large\" alt=\"\" srcset=\"https:\/\/archive.sana.sy\/tr\/wp-content\/uploads\/2025\/06\/photo_2025-06-21_13-31-22-1024x682.jpg 1024w, https:\/\/archive.sana.sy\/tr\/wp-content\/uploads\/2025\/06\/photo_2025-06-21_13-31-22-300x200.jpg 300w, https:\/\/archive.sana.sy\/tr\/wp-content\/uploads\/2025\/06\/photo_2025-06-21_13-31-22-768x512.jpg 768w, https:\/\/archive.sana.sy\/tr\/wp-content\/uploads\/2025\/06\/photo_2025-06-21_13-31-22.jpg 1280w\" sizes=\"auto, (max-width: 618px) 100vw, 618px\" \/><\/a>\n\t\t\t<\/div><\/figure>\n\t\t<\/div>\n\n","protected":false},"excerpt":{"rendered":"<p>\u015eAM (SANA) &#8211; Savunma Bakan\u0131 T\u00fcmgeneral Murhaf Ebu Kasra, Bar\u0131\u015f\u0131 Koruma Harek\u00e2tlar\u0131ndan Sorumlu Genel Sekreter Yard\u0131mc\u0131s\u0131 Jean-Pierre Lacroix ve beraberindeki heyetle \u015eam&#8217;daki bakanl\u0131k merkezinde bir araya geldi. G\u00f6r\u00fc\u015fmede, b\u00f6lgede bar\u0131\u015f ve istikrar\u0131n sa\u011flanmas\u0131 amac\u0131yla BM misyonuyla ileti\u015fim ve koordinasyonun art\u0131r\u0131lmas\u0131na y\u00f6nelik mekanizmalar ele al\u0131nd\u0131.<\/p>\n","protected":false},"author":44,"featured_media":323539,"comment_status":"closed","ping_status":"closed","sticky":false,"template":"","format":"standard","meta":{"footnotes":""},"categories":[589,479,17988,478],"tags":[43937,19076],"class_list":["post-323538","post","type-post","status-publish","format-standard","has-post-thumbnail","","category-haber-seridi","category-haberler-yerel","category-son-haberler","category-yerel","tag-samda-bk-harekatlarindan-sorumlu-genel-sekreter-yardimcisi-ve-beraberindeki-heyetle-bir-araya-geldi","tag-savunma-bakani"],"_links":{"self":[{"href":"https:\/\/archive.sana.sy\/tr\/index.php?rest_route=\/wp\/v2\/posts\/323538","targetHints":{"allow":["GET"]}}],"collection":[{"href":"https:\/\/archive.sana.sy\/tr\/index.php?rest_route=\/wp\/v2\/posts"}],"about":[{"href":"https:\/\/archive.sana.sy\/tr\/index.php?rest_route=\/wp\/v2\/types\/post"}],"author":[{"embeddable":true,"href":"https:\/\/archive.sana.sy\/tr\/index.php?rest_route=\/wp\/v2\/users\/44"}],"replies":[{"embeddable":true,"href":"https:\/\/archive.sana.sy\/tr\/index.php?rest_route=%2Fwp%2Fv2%2Fcomments&post=323538"}],"version-history":[{"count":1,"href":"https:\/\/archive.sana.sy\/tr\/index.php?rest_route=\/wp\/v2\/posts\/323538\/revisions"}],"predecessor-version":[{"id":323545,"href":"https:\/\/archive.sana.sy\/tr\/index.php?rest_route=\/wp\/v2\/posts\/323538\/revisions\/323545"}],"wp:featuredmedia":[{"embeddable":true,"href":"https:\/\/archive.sana.sy\/tr\/index.php?rest_route=\/wp\/v2\/media\/323539"}],"wp:attachment":[{"href":"https:\/\/archive.sana.sy\/tr\/index.php?rest_route=%2Fwp%2Fv2%2Fmedia&parent=323538"}],"wp:term":[{"taxonomy":"category","embeddable":true,"href":"https:\/\/archive.sana.sy\/tr\/index.php?rest_route=%2Fwp%2Fv2%2Fcategories&post=323538"},{"taxonomy":"post_tag","embeddable":true,"href":"https:\/\/archive.sana.sy\/tr\/index.php?rest_route=%2Fwp%2Fv2%2Ftags&post=323538"}],"curies":[{"name":"wp","href":"https:\/\/api.w.org\/{rel}","templated":true}]}}