{"id":323548,"date":"2025-06-21T14:27:45","date_gmt":"2025-06-21T11:27:45","guid":{"rendered":"https:\/\/sana.sy\/tr\/?p=323548"},"modified":"2025-06-21T14:28:25","modified_gmt":"2025-06-21T11:28:25","slug":"erdogan-islam-dunyasinin-suriyenin-birligini-ve-toprak-butunlugunu-desteklemesi-gerektigini-vurguladi","status":"publish","type":"post","link":"https:\/\/archive.sana.sy\/tr\/?p=323548","title":{"rendered":"Erdo\u011fan, \u0130slam D\u00fcnyas\u0131n\u0131n Suriye&#8217;nin Birli\u011fini ve Toprak B\u00fct\u00fcnl\u00fc\u011f\u00fcn\u00fc Desteklemesi Gerekti\u011fini Vurgulad\u0131"},"content":{"rendered":"<p style=\"text-align: justify;\"><span style=\"color: #ff0000;\"><strong>ANKARA (SANA)<\/strong><\/span> &#8211; T\u00fcrkiye Cumhurba\u015fkan\u0131 Recep Tayyip Erdo\u011fan, Suriye&#8217;nin toprak b\u00fct\u00fcnl\u00fc\u011f\u00fcn\u00fc ve ulusal birli\u011fini korumak ve kal\u0131c\u0131 istikrara kavu\u015fmak i\u00e7in t\u00fcm \u0130slam d\u00fcnyas\u0131n\u0131n deste\u011finin ve i\u015f birli\u011finin \u00f6nemini vurgulad\u0131.<\/p>\n<p style=\"text-align: justify;\">Erdo\u011fan, bug\u00fcn Suriye&#8217;nin kat\u0131l\u0131m\u0131yla \u0130stanbul&#8217;da d\u00fczenlenen \u0130slam \u0130\u015fbirli\u011fi Te\u015fkilat\u0131 (\u0130\u0130T) D\u0131\u015fi\u015fleri Bakanlar\u0131 Konseyi&#8217;nin 51. Oturumu&#8217;nda yapt\u0131\u011f\u0131 konu\u015fmada \u015funlar\u0131 s\u00f6yledi: &#8220;Suriye devleti i\u00e7in yeni kap\u0131lar ve b\u00f6l\u00fcmler a\u00e7\u0131lmas\u0131ndan, \u00f6rg\u00fct\u00fcn \u00fcyeli\u011fine geri d\u00f6nmesinden ve uluslararas\u0131 topluma entegrasyonunda kaydedilen ilerlemeden memnuniyet duyuyoruz. Suriye halk\u0131n\u0131n uzun y\u0131llar s\u00fcren adaletsizlik, zorluk ve krizlerden sonra elde etti\u011fi ba\u015far\u0131lar konusunda iyimseriz.&#8221;<\/p>\n<p style=\"text-align: justify;\">T\u00fcrkiye Cumhurba\u015fkan\u0131 ayr\u0131ca, \u0130srail&#8217;in Suriye, L\u00fcbnan ve b\u00f6lgedeki di\u011fer \u00fclkelere kaosu art\u0131rma amac\u0131yla sald\u0131rd\u0131\u011f\u0131n\u0131 belirterek, bu sald\u0131r\u0131lar\u0131n t\u00fcm b\u00f6lgenin patlamas\u0131na yol a\u00e7abilece\u011fi konusunda uyard\u0131.<\/p>\n<p style=\"text-align: justify;\">B\u00f6lgedeki zorluklar ve krizlerle ba\u015fa \u00e7\u0131kmak i\u00e7in \u0130slam \u00fclkeleri aras\u0131nda dayan\u0131\u015fma ve i\u015f birli\u011finin gereklili\u011fini vurgulayan Cumhurba\u015fkan\u0131 Erdo\u011fan, \u0130\u0130T&#8217;nin b\u00fcy\u00fck potansiyel ve kabiliyetlere sahip elli yedi \u00fclkeden olu\u015ftu\u011funu ve birle\u015ftikleri takdirde hesaba kat\u0131lmas\u0131 gereken bir g\u00fc\u00e7 olu\u015fturacaklar\u0131n\u0131 a\u00e7\u0131klad\u0131.<\/p>\n","protected":false},"excerpt":{"rendered":"<p>ANKARA (SANA) &#8211; T\u00fcrkiye Cumhurba\u015fkan\u0131 Recep Tayyip Erdo\u011fan, Suriye&#8217;nin toprak b\u00fct\u00fcnl\u00fc\u011f\u00fcn\u00fc ve ulusal birli\u011fini korumak ve kal\u0131c\u0131 istikrara kavu\u015fmak i\u00e7in t\u00fcm \u0130slam d\u00fcnyas\u0131n\u0131n deste\u011finin ve i\u015f birli\u011finin \u00f6nemini vurgulad\u0131. Erdo\u011fan, bug\u00fcn Suriye&#8217;nin kat\u0131l\u0131m\u0131yla \u0130stanbul&#8217;da d\u00fczenlenen \u0130slam \u0130\u015fbirli\u011fi Te\u015fkilat\u0131 (\u0130\u0130T) D\u0131\u015fi\u015fleri Bakanlar\u0131 Konseyi&#8217;nin 51. Oturumu&#8217;nda yapt\u0131\u011f\u0131 konu\u015fmada \u015funlar\u0131 s\u00f6yledi: &#8220;Suriye devleti i\u00e7in yeni kap\u0131lar ve b\u00f6l\u00fcmler &hellip;<\/p>\n","protected":false},"author":44,"featured_media":323549,"comment_status":"closed","ping_status":"closed","sticky":false,"template":"","format":"standard","meta":{"footnotes":""},"categories":[589,479,17988,478],"tags":[9401,43938],"class_list":["post-323548","post","type-post","status-publish","format-standard","has-post-thumbnail","","category-haber-seridi","category-haberler-yerel","category-son-haberler","category-yerel","tag-erdogan","tag-islam-dunyasinin-suriyenin-birligini-ve-toprak-butunlugunu-desteklemesi-gerektigini-vurguladi"],"_links":{"self":[{"href":"https:\/\/archive.sana.sy\/tr\/index.php?rest_route=\/wp\/v2\/posts\/323548","targetHints":{"allow":["GET"]}}],"collection":[{"href":"https:\/\/archive.sana.sy\/tr\/index.php?rest_route=\/wp\/v2\/posts"}],"about":[{"href":"https:\/\/archive.sana.sy\/tr\/index.php?rest_route=\/wp\/v2\/types\/post"}],"author":[{"embeddable":true,"href":"https:\/\/archive.sana.sy\/tr\/index.php?rest_route=\/wp\/v2\/users\/44"}],"replies":[{"embeddable":true,"href":"https:\/\/archive.sana.sy\/tr\/index.php?rest_route=%2Fwp%2Fv2%2Fcomments&post=323548"}],"version-history":[{"count":1,"href":"https:\/\/archive.sana.sy\/tr\/index.php?rest_route=\/wp\/v2\/posts\/323548\/revisions"}],"predecessor-version":[{"id":323550,"href":"https:\/\/archive.sana.sy\/tr\/index.php?rest_route=\/wp\/v2\/posts\/323548\/revisions\/323550"}],"wp:featuredmedia":[{"embeddable":true,"href":"https:\/\/archive.sana.sy\/tr\/index.php?rest_route=\/wp\/v2\/media\/323549"}],"wp:attachment":[{"href":"https:\/\/archive.sana.sy\/tr\/index.php?rest_route=%2Fwp%2Fv2%2Fmedia&parent=323548"}],"wp:term":[{"taxonomy":"category","embeddable":true,"href":"https:\/\/archive.sana.sy\/tr\/index.php?rest_route=%2Fwp%2Fv2%2Fcategories&post=323548"},{"taxonomy":"post_tag","embeddable":true,"href":"https:\/\/archive.sana.sy\/tr\/index.php?rest_route=%2Fwp%2Fv2%2Ftags&post=323548"}],"curies":[{"name":"wp","href":"https:\/\/api.w.org\/{rel}","templated":true}]}}