{"id":323557,"date":"2025-06-21T12:36:15","date_gmt":"2025-06-21T09:36:15","guid":{"rendered":"https:\/\/sana.sy\/tr\/?p=323557"},"modified":"2025-06-21T15:37:25","modified_gmt":"2025-06-21T12:37:25","slug":"suriye-guvenlik-gucleri-suclu-vesim-esadi-tutukladi","status":"publish","type":"post","link":"https:\/\/archive.sana.sy\/tr\/?p=323557","title":{"rendered":"Suriye G\u00fcvenlik G\u00fc\u00e7leri Su\u00e7lu Vesim Esad&#8217;\u0131 Tutuklad\u0131"},"content":{"rendered":"<p style=\"text-align: justify;\"><span style=\"color: #ff0000;\"><strong>HUMUS (SANA)<\/strong> <\/span>&#8211; Suriye g\u00fcvenlik g\u00fc\u00e7leri, Suriye-L\u00fcbnan s\u0131n\u0131r\u0131nda s\u0131k\u0131 bir g\u00fcvenlik operasyonuyla su\u00e7lu Vesim Esad&#8217;\u0131 tutuklad\u0131.<\/p>\n<p style=\"text-align: justify;\">Humus k\u0131rsal\u0131ndaki bir g\u00fcvenlik kayna\u011f\u0131 SANA&#8217;ya \u015funlar\u0131 s\u00f6yledi: &#8221;\u0130\u00e7 G\u00fcvenlik G\u00fc\u00e7leri, Genel \u0130stihbarat Servisi ile i\u015fbirli\u011fi yaparak su\u00e7lu Vesim Esad&#8217;\u0131 Suriye-L\u00fcbnan s\u0131n\u0131r\u0131nda tutuklamay\u0131 ba\u015fard\u0131.&#8221;<\/p>\n<p style=\"text-align: justify;\">\u0130\u00e7i\u015fleri Bakanl\u0131\u011f\u0131, Telegram kanal\u0131ndan yapt\u0131\u011f\u0131 a\u00e7\u0131klamada, Genel \u0130stihbarat Servisi&#8217;nin \u0130\u00e7i\u015fleri Bakanl\u0131\u011f\u0131 i\u00e7indeki ilgili makamlarla i\u015fbirli\u011fi yaparak, s\u0131k\u0131 bir g\u00fcvenlik operasyonuyla, devrik rejim d\u00f6neminde en \u00f6nemli uyu\u015fturucu sat\u0131c\u0131lar\u0131ndan biri olarak kabul edilen ve bir\u00e7ok su\u00e7a kar\u0131\u015fan su\u00e7lu Vas\u0131m Esad&#8217;\u0131 kand\u0131rmay\u0131 ba\u015fard\u0131\u011f\u0131n\u0131 a\u00e7\u0131klad\u0131.<\/p>\n<p style=\"text-align: justify;\">Bakanl\u0131k ayr\u0131ca, operasyonun \u00d6zel G\u00f6revler Departman\u0131 ekiplerinden biri taraf\u0131ndan s\u0131k\u0131 bir pusu kurarak ger\u00e7ekle\u015ftirildi\u011fini ve ba\u015far\u0131l\u0131 bir \u015fekilde tutukland\u0131\u011f\u0131n\u0131 belirtirken, bu ad\u0131m\u0131n su\u00e7la m\u00fccadele ve adaleti sa\u011flama konusundaki g\u00fc\u00e7l\u00fc kararl\u0131l\u0131\u011f\u0131n\u0131 yans\u0131tt\u0131\u011f\u0131n\u0131 do\u011frulad\u0131.<\/p>\n","protected":false},"excerpt":{"rendered":"<p>HUMUS (SANA) &#8211; Suriye g\u00fcvenlik g\u00fc\u00e7leri, Suriye-L\u00fcbnan s\u0131n\u0131r\u0131nda s\u0131k\u0131 bir g\u00fcvenlik operasyonuyla su\u00e7lu Vesim Esad&#8217;\u0131 tutuklad\u0131. Humus k\u0131rsal\u0131ndaki bir g\u00fcvenlik kayna\u011f\u0131 SANA&#8217;ya \u015funlar\u0131 s\u00f6yledi: &#8221;\u0130\u00e7 G\u00fcvenlik G\u00fc\u00e7leri, Genel \u0130stihbarat Servisi ile i\u015fbirli\u011fi yaparak su\u00e7lu Vesim Esad&#8217;\u0131 Suriye-L\u00fcbnan s\u0131n\u0131r\u0131nda tutuklamay\u0131 ba\u015fard\u0131.&#8221; \u0130\u00e7i\u015fleri Bakanl\u0131\u011f\u0131, Telegram kanal\u0131ndan yapt\u0131\u011f\u0131 a\u00e7\u0131klamada, Genel \u0130stihbarat Servisi&#8217;nin \u0130\u00e7i\u015fleri Bakanl\u0131\u011f\u0131 i\u00e7indeki ilgili makamlarla i\u015fbirli\u011fi &hellip;<\/p>\n","protected":false},"author":44,"featured_media":323558,"comment_status":"closed","ping_status":"closed","sticky":false,"template":"","format":"standard","meta":{"footnotes":""},"categories":[458,589,459,17988],"tags":[43939],"class_list":["post-323557","post","type-post","status-publish","format-standard","has-post-thumbnail","","category-dunya1","category-haber-seridi","category-haberler-arap-uluslararasi-politika","category-son-haberler","tag-suriye-guvenlik-gucleri-suclu-vesim-esadi-tutukladi"],"_links":{"self":[{"href":"https:\/\/archive.sana.sy\/tr\/index.php?rest_route=\/wp\/v2\/posts\/323557","targetHints":{"allow":["GET"]}}],"collection":[{"href":"https:\/\/archive.sana.sy\/tr\/index.php?rest_route=\/wp\/v2\/posts"}],"about":[{"href":"https:\/\/archive.sana.sy\/tr\/index.php?rest_route=\/wp\/v2\/types\/post"}],"author":[{"embeddable":true,"href":"https:\/\/archive.sana.sy\/tr\/index.php?rest_route=\/wp\/v2\/users\/44"}],"replies":[{"embeddable":true,"href":"https:\/\/archive.sana.sy\/tr\/index.php?rest_route=%2Fwp%2Fv2%2Fcomments&post=323557"}],"version-history":[{"count":1,"href":"https:\/\/archive.sana.sy\/tr\/index.php?rest_route=\/wp\/v2\/posts\/323557\/revisions"}],"predecessor-version":[{"id":323559,"href":"https:\/\/archive.sana.sy\/tr\/index.php?rest_route=\/wp\/v2\/posts\/323557\/revisions\/323559"}],"wp:featuredmedia":[{"embeddable":true,"href":"https:\/\/archive.sana.sy\/tr\/index.php?rest_route=\/wp\/v2\/media\/323558"}],"wp:attachment":[{"href":"https:\/\/archive.sana.sy\/tr\/index.php?rest_route=%2Fwp%2Fv2%2Fmedia&parent=323557"}],"wp:term":[{"taxonomy":"category","embeddable":true,"href":"https:\/\/archive.sana.sy\/tr\/index.php?rest_route=%2Fwp%2Fv2%2Fcategories&post=323557"},{"taxonomy":"post_tag","embeddable":true,"href":"https:\/\/archive.sana.sy\/tr\/index.php?rest_route=%2Fwp%2Fv2%2Ftags&post=323557"}],"curies":[{"name":"wp","href":"https:\/\/api.w.org\/{rel}","templated":true}]}}