{"id":323560,"date":"2025-06-21T16:48:03","date_gmt":"2025-06-21T13:48:03","guid":{"rendered":"https:\/\/sana.sy\/tr\/?p=323560"},"modified":"2025-06-21T16:48:03","modified_gmt":"2025-06-21T13:48:03","slug":"enformasyon-bakani-abd-enstitusuyle-egitim-is-birligi-olasiliklarini-gorustu","status":"publish","type":"post","link":"https:\/\/archive.sana.sy\/tr\/?p=323560","title":{"rendered":"Enformasyon Bakan\u0131 ABD Enstit\u00fcs\u00fcyle E\u011fitim \u0130\u015f Birli\u011fi Olas\u0131l\u0131klar\u0131n\u0131 G\u00f6r\u00fc\u015ft\u00fc"},"content":{"rendered":"<p style=\"text-align: justify;\"><span style=\"color: #ff0000;\"><strong>\u015eAM (SANA)<\/strong><\/span> &#8211; Enformasyon Bakan\u0131 Dr. Hamza El Mustafa, ABD&#8217;deki Accuracy Press Enstit\u00fcs\u00fc&#8217;nden bir heyetle <img loading=\"lazy\" decoding=\"async\" class=\" wp-image-323562 alignright\" src=\"http:\/\/sana.sy\/tr\/wp-content\/uploads\/2025\/06\/photo_2025-06-21_16-36-10-2-300x200-1.jpg\" alt=\"\" width=\"225\" height=\"150\" \/>Suriye&#8217;de kaliteli medya e\u011fitimi alan\u0131nda i\u015f birli\u011fi olas\u0131l\u0131klar\u0131n\u0131 g\u00f6r\u00fc\u015ft\u00fc.<\/p>\n<p style=\"text-align: justify;\">Bakanl\u0131kta ger\u00e7ekle\u015fen g\u00f6r\u00fc\u015fmede, iki taraf Suriye medya personelinin becerilerini geli\u015ftirmeyi ve profesyonel ve etkili bir ulusal medyan\u0131n in\u015fas\u0131na katk\u0131da bulunmay\u0131 ama\u00e7layan kaliteli e\u011fitim programlar\u0131n\u0131 uygulamak i\u00e7in ortak i\u015f birli\u011fini ele ald\u0131.<\/p>\n<p style=\"text-align: justify;\">Accuracy Press Enstit\u00fcs\u00fc&#8217;n\u00fcn ABD&#8217;de lisansl\u0131, medya alan\u0131nda ileri e\u011fitim sa\u011flayan kar amac\u0131 g\u00fctmeyen bir kurulu\u015ftur.<\/p>\n","protected":false},"excerpt":{"rendered":"<p>\u015eAM (SANA) &#8211; Enformasyon Bakan\u0131 Dr. Hamza El Mustafa, ABD&#8217;deki Accuracy Press Enstit\u00fcs\u00fc&#8217;nden bir heyetle Suriye&#8217;de kaliteli medya e\u011fitimi alan\u0131nda i\u015f birli\u011fi olas\u0131l\u0131klar\u0131n\u0131 g\u00f6r\u00fc\u015ft\u00fc. Bakanl\u0131kta ger\u00e7ekle\u015fen g\u00f6r\u00fc\u015fmede, iki taraf Suriye medya personelinin becerilerini geli\u015ftirmeyi ve profesyonel ve etkili bir ulusal medyan\u0131n in\u015fas\u0131na katk\u0131da bulunmay\u0131 ama\u00e7layan kaliteli e\u011fitim programlar\u0131n\u0131 uygulamak i\u00e7in ortak i\u015f birli\u011fini ele ald\u0131. &hellip;<\/p>\n","protected":false},"author":44,"featured_media":323561,"comment_status":"closed","ping_status":"closed","sticky":false,"template":"","format":"standard","meta":{"footnotes":""},"categories":[589,479,17988,478],"tags":[43940],"class_list":["post-323560","post","type-post","status-publish","format-standard","has-post-thumbnail","","category-haber-seridi","category-haberler-yerel","category-son-haberler","category-yerel","tag-enformasyon-bakani-abd-enstitusuyle-egitim-is-birligi-olasiliklarini-gorustu"],"_links":{"self":[{"href":"https:\/\/archive.sana.sy\/tr\/index.php?rest_route=\/wp\/v2\/posts\/323560","targetHints":{"allow":["GET"]}}],"collection":[{"href":"https:\/\/archive.sana.sy\/tr\/index.php?rest_route=\/wp\/v2\/posts"}],"about":[{"href":"https:\/\/archive.sana.sy\/tr\/index.php?rest_route=\/wp\/v2\/types\/post"}],"author":[{"embeddable":true,"href":"https:\/\/archive.sana.sy\/tr\/index.php?rest_route=\/wp\/v2\/users\/44"}],"replies":[{"embeddable":true,"href":"https:\/\/archive.sana.sy\/tr\/index.php?rest_route=%2Fwp%2Fv2%2Fcomments&post=323560"}],"version-history":[{"count":1,"href":"https:\/\/archive.sana.sy\/tr\/index.php?rest_route=\/wp\/v2\/posts\/323560\/revisions"}],"predecessor-version":[{"id":323563,"href":"https:\/\/archive.sana.sy\/tr\/index.php?rest_route=\/wp\/v2\/posts\/323560\/revisions\/323563"}],"wp:featuredmedia":[{"embeddable":true,"href":"https:\/\/archive.sana.sy\/tr\/index.php?rest_route=\/wp\/v2\/media\/323561"}],"wp:attachment":[{"href":"https:\/\/archive.sana.sy\/tr\/index.php?rest_route=%2Fwp%2Fv2%2Fmedia&parent=323560"}],"wp:term":[{"taxonomy":"category","embeddable":true,"href":"https:\/\/archive.sana.sy\/tr\/index.php?rest_route=%2Fwp%2Fv2%2Fcategories&post=323560"},{"taxonomy":"post_tag","embeddable":true,"href":"https:\/\/archive.sana.sy\/tr\/index.php?rest_route=%2Fwp%2Fv2%2Ftags&post=323560"}],"curies":[{"name":"wp","href":"https:\/\/api.w.org\/{rel}","templated":true}]}}