{"id":323571,"date":"2025-06-21T18:32:24","date_gmt":"2025-06-21T15:32:24","guid":{"rendered":"https:\/\/sana.sy\/tr\/?p=323571"},"modified":"2025-06-21T18:36:45","modified_gmt":"2025-06-21T15:36:45","slug":"suriye-havayollari-yarin-pazar-gunu-ucuslar-halep-havalimanina-transfer-edilecek","status":"publish","type":"post","link":"https:\/\/archive.sana.sy\/tr\/?p=323571","title":{"rendered":"Suriye Havayollar\u0131: Yar\u0131n, Pazar G\u00fcn\u00fc U\u00e7u\u015flar Halep Havaliman\u0131&#8217;na Transfer Edilecek"},"content":{"rendered":"<p style=\"text-align: justify;\"><span style=\"color: #ff0000;\"><strong>\u015eAM (SANA)<\/strong><\/span> &#8211; Suriye Havayollar\u0131, yar\u0131n, Pazar g\u00fcn\u00fc \u015eam Uluslararas\u0131 Havaliman\u0131&#8217;ndan kalkmas\u0131 planlanan u\u00e7u\u015flar\u0131n Halep Uluslararas\u0131 Havaliman\u0131 \u00fczerinden ger\u00e7ekle\u015ftirilece\u011fini duyurdu.<\/p>\n<p style=\"text-align: justify;\">\u015eirkete g\u00f6re, mevcut ko\u015fullar alt\u0131nda seyahati kolayla\u015ft\u0131rmak ve Suriye Havayollar\u0131 u\u00e7u\u015flar\u0131n\u0131n s\u00fcreklili\u011fini sa\u011flamak i\u00e7in \u015eam ile Halep Uluslararas\u0131 Havaliman\u0131 aras\u0131nda \u00f6zel otob\u00fcsler kullan\u0131larak yolcu ta\u015f\u0131mac\u0131l\u0131\u011f\u0131 d\u00fczenlenecek.<\/p>\n","protected":false},"excerpt":{"rendered":"<p>\u015eAM (SANA) &#8211; Suriye Havayollar\u0131, yar\u0131n, Pazar g\u00fcn\u00fc \u015eam Uluslararas\u0131 Havaliman\u0131&#8217;ndan kalkmas\u0131 planlanan u\u00e7u\u015flar\u0131n Halep Uluslararas\u0131 Havaliman\u0131 \u00fczerinden ger\u00e7ekle\u015ftirilece\u011fini duyurdu. \u015eirkete g\u00f6re, mevcut ko\u015fullar alt\u0131nda seyahati kolayla\u015ft\u0131rmak ve Suriye Havayollar\u0131 u\u00e7u\u015flar\u0131n\u0131n s\u00fcreklili\u011fini sa\u011flamak i\u00e7in \u015eam ile Halep Uluslararas\u0131 Havaliman\u0131 aras\u0131nda \u00f6zel otob\u00fcsler kullan\u0131larak yolcu ta\u015f\u0131mac\u0131l\u0131\u011f\u0131 d\u00fczenlenecek.<\/p>\n","protected":false},"author":44,"featured_media":323572,"comment_status":"closed","ping_status":"closed","sticky":false,"template":"","format":"standard","meta":{"footnotes":""},"categories":[589,479,17988,478],"tags":[43944,43943],"class_list":["post-323571","post","type-post","status-publish","format-standard","has-post-thumbnail","","category-haber-seridi","category-haberler-yerel","category-son-haberler","category-yerel","tag-pazar-gunu-ucuslar-halep-havalimanina-transfer-edilecek","tag-suriye-havayollari-yarin"],"_links":{"self":[{"href":"https:\/\/archive.sana.sy\/tr\/index.php?rest_route=\/wp\/v2\/posts\/323571","targetHints":{"allow":["GET"]}}],"collection":[{"href":"https:\/\/archive.sana.sy\/tr\/index.php?rest_route=\/wp\/v2\/posts"}],"about":[{"href":"https:\/\/archive.sana.sy\/tr\/index.php?rest_route=\/wp\/v2\/types\/post"}],"author":[{"embeddable":true,"href":"https:\/\/archive.sana.sy\/tr\/index.php?rest_route=\/wp\/v2\/users\/44"}],"replies":[{"embeddable":true,"href":"https:\/\/archive.sana.sy\/tr\/index.php?rest_route=%2Fwp%2Fv2%2Fcomments&post=323571"}],"version-history":[{"count":3,"href":"https:\/\/archive.sana.sy\/tr\/index.php?rest_route=\/wp\/v2\/posts\/323571\/revisions"}],"predecessor-version":[{"id":323575,"href":"https:\/\/archive.sana.sy\/tr\/index.php?rest_route=\/wp\/v2\/posts\/323571\/revisions\/323575"}],"wp:featuredmedia":[{"embeddable":true,"href":"https:\/\/archive.sana.sy\/tr\/index.php?rest_route=\/wp\/v2\/media\/323572"}],"wp:attachment":[{"href":"https:\/\/archive.sana.sy\/tr\/index.php?rest_route=%2Fwp%2Fv2%2Fmedia&parent=323571"}],"wp:term":[{"taxonomy":"category","embeddable":true,"href":"https:\/\/archive.sana.sy\/tr\/index.php?rest_route=%2Fwp%2Fv2%2Fcategories&post=323571"},{"taxonomy":"post_tag","embeddable":true,"href":"https:\/\/archive.sana.sy\/tr\/index.php?rest_route=%2Fwp%2Fv2%2Ftags&post=323571"}],"curies":[{"name":"wp","href":"https:\/\/api.w.org\/{rel}","templated":true}]}}