{"id":323576,"date":"2025-06-21T18:41:43","date_gmt":"2025-06-21T15:41:43","guid":{"rendered":"https:\/\/sana.sy\/tr\/?p=323576"},"modified":"2025-06-21T18:43:15","modified_gmt":"2025-06-21T15:43:15","slug":"fidan-suriye-halkinin-yaninda-olmaya-devam-etmenin-gerekliligini-vurguladi","status":"publish","type":"post","link":"https:\/\/archive.sana.sy\/tr\/?p=323576","title":{"rendered":"Fidan Suriye Halk\u0131n\u0131n Yan\u0131nda Olmaya Devam Etmenin Gereklili\u011fini Vurgulad\u0131"},"content":{"rendered":"<p style=\"text-align: justify;\"><span style=\"color: #ff0000;\"><strong>\u0130STANBUL (SANA)<\/strong> &#8211;<\/span> D\u0131\u015fi\u015fleri Bakan\u0131 Hakan Fidan, Suriye&#8217;ye uygulanan yapt\u0131r\u0131mlar\u0131n hafifletilmesiyle ayn\u0131 zamana denk gelen bug\u00fcn Suriye halk\u0131n\u0131n yan\u0131nda olmaya devam etmenin gereklili\u011fini vurgulad\u0131.<\/p>\n<p style=\"text-align: justify;\">Anadolu Ajans\u0131, Fidan&#8217;\u0131n \u0130stanbul&#8217;da d\u00fczenlenen \u0130slam \u0130\u015fbirli\u011fi Te\u015fkilat\u0131 (\u0130\u0130T) 51. D\u0131\u015fi\u015fleri Bakanlar\u0131 Konseyi&#8217;nin a\u00e7\u0131l\u0131\u015f oturumunda \u015funlar\u0131 s\u00f6yledi\u011fini aktard\u0131: &#8220;Suriye&#8217;nin \u0130\u0130T&#8217;ye geri d\u00f6nmesini memnuniyetle kar\u015f\u0131l\u0131yoruz.&#8221;<\/p>\n<p style=\"text-align: justify;\">Fidan ayr\u0131ca, \u0130stanbul&#8217;un b\u00f6lgedeki b\u00f6lgesel ve uluslararas\u0131 bar\u0131\u015f \u00e7abalar\u0131 i\u00e7in en \u00f6nemli merkezlerden biri oldu\u011funu kayderken,\u00a0 T\u00fcrkiye&#8217;nin, \u0130\u0130T&#8217;nin mevcut d\u00f6nem ba\u015fkanl\u0131\u011f\u0131 alt\u0131nda \u0130slam d\u00fcnyas\u0131n\u0131n sesini y\u00fckseltmeye, k\u00fcresel adaletin tesisini \u00f6nceliklendirmeye ve adaletsizli\u011fe kar\u015f\u0131 kararl\u0131 bir \u015fekilde durmaya devam edece\u011fini vurgulad\u0131.<\/p>\n","protected":false},"excerpt":{"rendered":"<p>\u0130STANBUL (SANA) &#8211; D\u0131\u015fi\u015fleri Bakan\u0131 Hakan Fidan, Suriye&#8217;ye uygulanan yapt\u0131r\u0131mlar\u0131n hafifletilmesiyle ayn\u0131 zamana denk gelen bug\u00fcn Suriye halk\u0131n\u0131n yan\u0131nda olmaya devam etmenin gereklili\u011fini vurgulad\u0131. Anadolu Ajans\u0131, Fidan&#8217;\u0131n \u0130stanbul&#8217;da d\u00fczenlenen \u0130slam \u0130\u015fbirli\u011fi Te\u015fkilat\u0131 (\u0130\u0130T) 51. D\u0131\u015fi\u015fleri Bakanlar\u0131 Konseyi&#8217;nin a\u00e7\u0131l\u0131\u015f oturumunda \u015funlar\u0131 s\u00f6yledi\u011fini aktard\u0131: &#8220;Suriye&#8217;nin \u0130\u0130T&#8217;ye geri d\u00f6nmesini memnuniyetle kar\u015f\u0131l\u0131yoruz.&#8221; Fidan ayr\u0131ca, \u0130stanbul&#8217;un b\u00f6lgedeki b\u00f6lgesel ve uluslararas\u0131 &hellip;<\/p>\n","protected":false},"author":44,"featured_media":323577,"comment_status":"closed","ping_status":"closed","sticky":false,"template":"","format":"standard","meta":{"footnotes":""},"categories":[589,479,17988,478],"tags":[43945],"class_list":["post-323576","post","type-post","status-publish","format-standard","has-post-thumbnail","","category-haber-seridi","category-haberler-yerel","category-son-haberler","category-yerel","tag-fidan-suriye-halkinin-yaninda-olmaya-devam-etmenin-gerekliligini-vurguladi"],"_links":{"self":[{"href":"https:\/\/archive.sana.sy\/tr\/index.php?rest_route=\/wp\/v2\/posts\/323576","targetHints":{"allow":["GET"]}}],"collection":[{"href":"https:\/\/archive.sana.sy\/tr\/index.php?rest_route=\/wp\/v2\/posts"}],"about":[{"href":"https:\/\/archive.sana.sy\/tr\/index.php?rest_route=\/wp\/v2\/types\/post"}],"author":[{"embeddable":true,"href":"https:\/\/archive.sana.sy\/tr\/index.php?rest_route=\/wp\/v2\/users\/44"}],"replies":[{"embeddable":true,"href":"https:\/\/archive.sana.sy\/tr\/index.php?rest_route=%2Fwp%2Fv2%2Fcomments&post=323576"}],"version-history":[{"count":1,"href":"https:\/\/archive.sana.sy\/tr\/index.php?rest_route=\/wp\/v2\/posts\/323576\/revisions"}],"predecessor-version":[{"id":323578,"href":"https:\/\/archive.sana.sy\/tr\/index.php?rest_route=\/wp\/v2\/posts\/323576\/revisions\/323578"}],"wp:featuredmedia":[{"embeddable":true,"href":"https:\/\/archive.sana.sy\/tr\/index.php?rest_route=\/wp\/v2\/media\/323577"}],"wp:attachment":[{"href":"https:\/\/archive.sana.sy\/tr\/index.php?rest_route=%2Fwp%2Fv2%2Fmedia&parent=323576"}],"wp:term":[{"taxonomy":"category","embeddable":true,"href":"https:\/\/archive.sana.sy\/tr\/index.php?rest_route=%2Fwp%2Fv2%2Fcategories&post=323576"},{"taxonomy":"post_tag","embeddable":true,"href":"https:\/\/archive.sana.sy\/tr\/index.php?rest_route=%2Fwp%2Fv2%2Ftags&post=323576"}],"curies":[{"name":"wp","href":"https:\/\/api.w.org\/{rel}","templated":true}]}}