{"id":323579,"date":"2025-06-21T18:49:06","date_gmt":"2025-06-21T15:49:06","guid":{"rendered":"https:\/\/sana.sy\/tr\/?p=323579"},"modified":"2025-06-21T18:49:06","modified_gmt":"2025-06-21T15:49:06","slug":"misir-suriyenin-guvenligi-ve-istikrari-icin-destegini-dogruladi","status":"publish","type":"post","link":"https:\/\/archive.sana.sy\/tr\/?p=323579","title":{"rendered":"M\u0131s\u0131r Suriye&#8217;nin G\u00fcvenli\u011fi ve \u0130stikrar\u0131 \u0130\u00e7in Deste\u011fini Do\u011frulad\u0131"},"content":{"rendered":"<p style=\"text-align: justify;\"><span style=\"color: #ff0000;\"><strong>ANKARA <\/strong><strong>(SANA)<\/strong> <\/span>&#8211;\u00a0 M\u0131s\u0131r D\u0131\u015fi\u015fleri ve G\u00f6\u00e7menlik Bakan\u0131 \u00a0Badr Abdulati, bug\u00fcn \u00fclkesinin Suriye&#8217;deki g\u00fcvenlik ve istikrara verdi\u011fi deste\u011fi do\u011frulad\u0131.<\/p>\n<p style=\"text-align: justify;\">\u0130slam \u0130\u015fbirli\u011fi Te\u015fkilat\u0131 (\u0130\u0130T) Bakanlar Kurulu&#8217;nun \u0130stanbul&#8217;daki 51. Oturumunun a\u00e7\u0131l\u0131\u015f oturumunda yapt\u0131\u011f\u0131 konu\u015fmada Abdulati \u015funlar\u0131 s\u00f6yledi: \u2018\u2019Karde\u015f Suriye halk\u0131na ve Suriye&#8217;deki g\u00fcvenlik ve istikrara deste\u011fimizi, ulusal kurumlar\u0131n\u0131n birli\u011fini ve toprak b\u00fct\u00fcnl\u00fc\u011f\u00fcn\u00fc korumay\u0131 ve Suriye&#8217;deki t\u00fcm mezhepleri kapsayan bir siyasi ge\u00e7i\u015f i\u00e7in \u00e7al\u0131\u015fman\u0131n gereklili\u011fini do\u011fruluyoruz.\u2019\u2019<\/p>\n<p style=\"text-align: justify;\">Abdulati ayr\u0131ca, \u015funlar\u0131 ekledi: \u2018\u2019M\u0131s\u0131r, \u0130srail&#8217;in Suriye ve L\u00fcbnan egemenli\u011fine y\u00f6nelik tekrarlanan ihlallerini k\u0131nayarak, \u0130srail&#8217;in i\u015fgal alt\u0131ndaki Suriye Arap Golan Tepeleri&#8217;nden ve Suriye topraklar\u0131n\u0131n geri kalan\u0131ndan derhal \u00e7ekilmesi gerekti\u011fini vurgulad\u0131.\u2019\u2019<\/p>\n","protected":false},"excerpt":{"rendered":"<p>ANKARA (SANA) &#8211;\u00a0 M\u0131s\u0131r D\u0131\u015fi\u015fleri ve G\u00f6\u00e7menlik Bakan\u0131 \u00a0Badr Abdulati, bug\u00fcn \u00fclkesinin Suriye&#8217;deki g\u00fcvenlik ve istikrara verdi\u011fi deste\u011fi do\u011frulad\u0131. \u0130slam \u0130\u015fbirli\u011fi Te\u015fkilat\u0131 (\u0130\u0130T) Bakanlar Kurulu&#8217;nun \u0130stanbul&#8217;daki 51. Oturumunun a\u00e7\u0131l\u0131\u015f oturumunda yapt\u0131\u011f\u0131 konu\u015fmada Abdulati \u015funlar\u0131 s\u00f6yledi: \u2018\u2019Karde\u015f Suriye halk\u0131na ve Suriye&#8217;deki g\u00fcvenlik ve istikrara deste\u011fimizi, ulusal kurumlar\u0131n\u0131n birli\u011fini ve toprak b\u00fct\u00fcnl\u00fc\u011f\u00fcn\u00fc korumay\u0131 ve Suriye&#8217;deki t\u00fcm mezhepleri &hellip;<\/p>\n","protected":false},"author":44,"featured_media":323580,"comment_status":"closed","ping_status":"closed","sticky":false,"template":"","format":"standard","meta":{"footnotes":""},"categories":[458,589,459,17988],"tags":[43946],"class_list":["post-323579","post","type-post","status-publish","format-standard","has-post-thumbnail","","category-dunya1","category-haber-seridi","category-haberler-arap-uluslararasi-politika","category-son-haberler","tag-misir-suriyenin-guvenligi-ve-istikrari-icin-destegini-dogruladi"],"_links":{"self":[{"href":"https:\/\/archive.sana.sy\/tr\/index.php?rest_route=\/wp\/v2\/posts\/323579","targetHints":{"allow":["GET"]}}],"collection":[{"href":"https:\/\/archive.sana.sy\/tr\/index.php?rest_route=\/wp\/v2\/posts"}],"about":[{"href":"https:\/\/archive.sana.sy\/tr\/index.php?rest_route=\/wp\/v2\/types\/post"}],"author":[{"embeddable":true,"href":"https:\/\/archive.sana.sy\/tr\/index.php?rest_route=\/wp\/v2\/users\/44"}],"replies":[{"embeddable":true,"href":"https:\/\/archive.sana.sy\/tr\/index.php?rest_route=%2Fwp%2Fv2%2Fcomments&post=323579"}],"version-history":[{"count":1,"href":"https:\/\/archive.sana.sy\/tr\/index.php?rest_route=\/wp\/v2\/posts\/323579\/revisions"}],"predecessor-version":[{"id":323581,"href":"https:\/\/archive.sana.sy\/tr\/index.php?rest_route=\/wp\/v2\/posts\/323579\/revisions\/323581"}],"wp:featuredmedia":[{"embeddable":true,"href":"https:\/\/archive.sana.sy\/tr\/index.php?rest_route=\/wp\/v2\/media\/323580"}],"wp:attachment":[{"href":"https:\/\/archive.sana.sy\/tr\/index.php?rest_route=%2Fwp%2Fv2%2Fmedia&parent=323579"}],"wp:term":[{"taxonomy":"category","embeddable":true,"href":"https:\/\/archive.sana.sy\/tr\/index.php?rest_route=%2Fwp%2Fv2%2Fcategories&post=323579"},{"taxonomy":"post_tag","embeddable":true,"href":"https:\/\/archive.sana.sy\/tr\/index.php?rest_route=%2Fwp%2Fv2%2Ftags&post=323579"}],"curies":[{"name":"wp","href":"https:\/\/api.w.org\/{rel}","templated":true}]}}