{"id":323582,"date":"2025-06-21T18:56:21","date_gmt":"2025-06-21T15:56:21","guid":{"rendered":"https:\/\/sana.sy\/tr\/?p=323582"},"modified":"2025-06-21T18:56:21","modified_gmt":"2025-06-21T15:56:21","slug":"erdogan-suriye-ve-irak-israil-iran-catismasinin-kapsami-disinda-kalmali","status":"publish","type":"post","link":"https:\/\/archive.sana.sy\/tr\/?p=323582","title":{"rendered":"Erdo\u011fan: Suriye Ve Irak, \u0130srail-\u0130ran \u00c7at\u0131\u015fmas\u0131n\u0131n Kapsam\u0131 D\u0131\u015f\u0131nda Kalmal\u0131"},"content":{"rendered":"<p style=\"text-align: justify;\"><span style=\"color: #ff0000;\"><strong>ANKARA (SANA) &#8211;<\/strong><\/span> T\u00fcrkiye Cumhurba\u015fkan\u0131 Recep Tayyip Erdo\u011fan, Suriye ve Irak&#8217;\u0131n \u0130srail-\u0130ran \u00e7at\u0131\u015fmas\u0131n\u0131n kapsam\u0131 d\u0131\u015f\u0131nda kalmas\u0131 gerekti\u011fini vurgulad\u0131.<\/p>\n<p style=\"text-align: justify;\">Anadolu Ajans\u0131&#8217;n\u0131n T\u00fcrkiye Cumhurba\u015fkanl\u0131\u011f\u0131 \u0130leti\u015fim Ba\u015fkanl\u0131\u011f\u0131&#8217;ndan bildirdi\u011fine g\u00f6re, bu a\u00e7\u0131klama Cumhurba\u015fkan\u0131 Erdo\u011fan&#8217;\u0131n bug\u00fcn \u0130stanbul&#8217;da \u0130slam \u0130\u015fbirli\u011fi Te\u015fkilat\u0131 D\u0131\u015fi\u015fleri Bakanlar\u0131 Konseyi&#8217;nin 51. toplant\u0131s\u0131n\u0131n tamamlanmas\u0131n\u0131n ard\u0131ndan Katar Ba\u015fbakan\u0131 Muhammed bin Abdurrahman Al Sani ile yapt\u0131\u011f\u0131 g\u00f6r\u00fc\u015fmede geldi.<\/p>\n<p style=\"text-align: justify;\">&#8220;Suriye ve Irak, gerginli\u011fi azalt\u0131rken ve diplomatik \u00e7\u00f6z\u00fcmlere giden yolu a\u00e7arken, bu \u00e7at\u0131\u015fman\u0131n kapsam\u0131 d\u0131\u015f\u0131nda kalmal\u0131&#8221; diyen Erdo\u011fan, B\u00f6lge \u00fclkelerinin bu konuda \u00e7abalar\u0131n\u0131 s\u00fcrd\u00fcrmesinin \u00f6nemini vurgulad\u0131.<\/p>\n<p style=\"text-align: justify;\">A\u00e7\u0131klamaya g\u00f6re, iki taraf ayr\u0131ca T\u00fcrkiye ile Katar aras\u0131ndaki ikili ili\u015fkileri ve b\u00f6lgesel ve uluslararas\u0131 konular\u0131 ele ald\u0131.<\/p>\n","protected":false},"excerpt":{"rendered":"<p>ANKARA (SANA) &#8211; T\u00fcrkiye Cumhurba\u015fkan\u0131 Recep Tayyip Erdo\u011fan, Suriye ve Irak&#8217;\u0131n \u0130srail-\u0130ran \u00e7at\u0131\u015fmas\u0131n\u0131n kapsam\u0131 d\u0131\u015f\u0131nda kalmas\u0131 gerekti\u011fini vurgulad\u0131. Anadolu Ajans\u0131&#8217;n\u0131n T\u00fcrkiye Cumhurba\u015fkanl\u0131\u011f\u0131 \u0130leti\u015fim Ba\u015fkanl\u0131\u011f\u0131&#8217;ndan bildirdi\u011fine g\u00f6re, bu a\u00e7\u0131klama Cumhurba\u015fkan\u0131 Erdo\u011fan&#8217;\u0131n bug\u00fcn \u0130stanbul&#8217;da \u0130slam \u0130\u015fbirli\u011fi Te\u015fkilat\u0131 D\u0131\u015fi\u015fleri Bakanlar\u0131 Konseyi&#8217;nin 51. toplant\u0131s\u0131n\u0131n tamamlanmas\u0131n\u0131n ard\u0131ndan Katar Ba\u015fbakan\u0131 Muhammed bin Abdurrahman Al Sani ile yapt\u0131\u011f\u0131 g\u00f6r\u00fc\u015fmede geldi. &#8220;Suriye ve &hellip;<\/p>\n","protected":false},"author":44,"featured_media":323583,"comment_status":"closed","ping_status":"closed","sticky":false,"template":"","format":"standard","meta":{"footnotes":""},"categories":[458,589,459,17988],"tags":[43947,43948],"class_list":["post-323582","post","type-post","status-publish","format-standard","has-post-thumbnail","","category-dunya1","category-haber-seridi","category-haberler-arap-uluslararasi-politika","category-son-haberler","tag-erdogan-suriye-ve-irak","tag-israil-iran-catismasinin-kapsami-disinda-kalmali"],"_links":{"self":[{"href":"https:\/\/archive.sana.sy\/tr\/index.php?rest_route=\/wp\/v2\/posts\/323582","targetHints":{"allow":["GET"]}}],"collection":[{"href":"https:\/\/archive.sana.sy\/tr\/index.php?rest_route=\/wp\/v2\/posts"}],"about":[{"href":"https:\/\/archive.sana.sy\/tr\/index.php?rest_route=\/wp\/v2\/types\/post"}],"author":[{"embeddable":true,"href":"https:\/\/archive.sana.sy\/tr\/index.php?rest_route=\/wp\/v2\/users\/44"}],"replies":[{"embeddable":true,"href":"https:\/\/archive.sana.sy\/tr\/index.php?rest_route=%2Fwp%2Fv2%2Fcomments&post=323582"}],"version-history":[{"count":1,"href":"https:\/\/archive.sana.sy\/tr\/index.php?rest_route=\/wp\/v2\/posts\/323582\/revisions"}],"predecessor-version":[{"id":323584,"href":"https:\/\/archive.sana.sy\/tr\/index.php?rest_route=\/wp\/v2\/posts\/323582\/revisions\/323584"}],"wp:featuredmedia":[{"embeddable":true,"href":"https:\/\/archive.sana.sy\/tr\/index.php?rest_route=\/wp\/v2\/media\/323583"}],"wp:attachment":[{"href":"https:\/\/archive.sana.sy\/tr\/index.php?rest_route=%2Fwp%2Fv2%2Fmedia&parent=323582"}],"wp:term":[{"taxonomy":"category","embeddable":true,"href":"https:\/\/archive.sana.sy\/tr\/index.php?rest_route=%2Fwp%2Fv2%2Fcategories&post=323582"},{"taxonomy":"post_tag","embeddable":true,"href":"https:\/\/archive.sana.sy\/tr\/index.php?rest_route=%2Fwp%2Fv2%2Ftags&post=323582"}],"curies":[{"name":"wp","href":"https:\/\/api.w.org\/{rel}","templated":true}]}}