{"id":323591,"date":"2025-06-22T11:44:41","date_gmt":"2025-06-22T08:44:41","guid":{"rendered":"https:\/\/sana.sy\/tr\/?p=323591"},"modified":"2025-06-22T12:03:20","modified_gmt":"2025-06-22T09:03:20","slug":"abd-iranin-nukleer-tesislerini-bombaladi-tahran-israile-fuze-saldirisiyla-karsilik-verdi","status":"publish","type":"post","link":"https:\/\/archive.sana.sy\/tr\/?p=323591","title":{"rendered":"ABD, \u0130ran&#8217;\u0131n N\u00fckleer Tesislerini Bombalad\u0131&#8230; Tahran \u0130srail&#8217;e F\u00fcze Sald\u0131r\u0131s\u0131yla Kar\u015f\u0131l\u0131k Verdi"},"content":{"rendered":"<p style=\"text-align: justify;\"><strong>VA\u015e\u0130NGTON-TAHRAN (SANA) \u2013 <\/strong>\u0130srail-\u0130ran sava\u015f\u0131, ABD ordusunun \u0130ran\u2019daki \u00fc\u00e7 n\u00fckleer tesise Fordow, \u0130sfahan ve Natanz y\u00f6nelik g\u00fc\u00e7l\u00fc hava sald\u0131r\u0131lar\u0131 d\u00fczenledi\u011fini duyurmas\u0131yla tehlikeli bir boyuta ula\u015ft\u0131.<\/p>\n<p style=\"text-align: justify;\">ABD Ba\u015fkan\u0131 Donald Trump, operasyonu \u201cdikkat \u00e7ekici bir askeri ba\u015far\u0131\u201d olarak nitelendirdi ve tesislerin tamamen yok edildi\u011fini do\u011frulad\u0131. Ayr\u0131ca \u0130ran&#8217;\u0131n bar\u0131\u015fa yana\u015fmamas\u0131 halinde daha fazla sald\u0131r\u0131 d\u00fczenlenece\u011fi tehdidinde bulundu.<\/p>\n<p style=\"text-align: justify;\">\u0130ran D\u0131\u015fi\u015fleri Bakan\u0131 Abbas Erak\u00e7i, X platformunda yapt\u0131\u011f\u0131 a\u00e7\u0131klamada, ABD\u2019nin \u0130ran\u2019\u0131n n\u00fckleer tesislerine y\u00f6nelik sald\u0131r\u0131s\u0131n\u0131n \u201ci\u011fren\u00e7\u201d oldu\u011funu belirterek, \u201cBu sabahki olaylar korkun\u00e7 sonu\u00e7lara yol a\u00e7acak\u201d dedi.<\/p>\n<p style=\"text-align: justify;\">Bakan Erak\u00e7i, \u0130ran\u2019\u0131n egemenli\u011fini, \u00e7\u0131karlar\u0131n\u0131 ve halk\u0131n\u0131 savunmak ad\u0131na t\u00fcm se\u00e7enekleri masada tuttu\u011funu \u00a0da vurgulad\u0131.<\/p>\n<p style=\"text-align: justify;\">\u0130ran ise bu sald\u0131r\u0131lara, \u0130srail\u2019in askeri ve end\u00fcstriyel hedeflerini hedef alan yirminci f\u00fcze dalgas\u0131yla yan\u0131t verdi. Tahran y\u00f6netimi, bu hamleyi n\u00fckleer tesislerinin vurulmas\u0131na kar\u015f\u0131 me\u015fru bir yan\u0131t olarak de\u011ferlendirdi.<\/p>\n<p style=\"text-align: justify;\">\u0130ran a\u00e7\u0131klamas\u0131nda da, ABD sald\u0131r\u0131lar\u0131n\u0131n ard\u0131ndan Fordow, Natanz ve \u0130sfahan\u2019daki tesislerin \u00e7evresinde n\u00fckleer s\u0131z\u0131nt\u0131 ihtimaline kar\u015f\u0131 gerekli soru\u015fturmalar\u0131n derhal ba\u015flat\u0131ld\u0131\u011f\u0131n\u0131 a\u00e7\u0131klad\u0131.<\/p>\n<p style=\"text-align: justify;\">\u0130ran Ulusal N\u00fckleer G\u00fcvenlik Merkezi, s\u00f6z konusu sahalar\u0131n \u00e7evresinde herhangi bir kirlenme belirtisinin tespit edilmedi\u011fini ve b\u00f6lgede ya\u015fayan halk i\u00e7in herhangi bir tehlike bulunmad\u0131\u011f\u0131n\u0131 bildirdi. Bu a\u00e7\u0131klama, Uluslararas\u0131 Atom Enerjisi Ajans\u0131 taraf\u0131ndan da do\u011fruland\u0131. Ajans, \u201cABD sald\u0131r\u0131lar\u0131 sonucunda \u0130ran n\u00fckleer sahalar\u0131n\u0131n d\u0131\u015f\u0131nda radyasyon seviyelerinde art\u0131\u015f g\u00f6zlemlenmedi\u201d dedi.<\/p>\n<p style=\"text-align: justify;\">Bu geli\u015fmelere ili\u015fkin bir de\u011ferlendirme yapan Suudi Arabistan N\u00fckleer ve Radyolojik D\u00fczenleme Kurumu, sabah saatlerinde yapt\u0131\u011f\u0131 a\u00e7\u0131klamada, \u201cABD\u2019nin \u0130ran n\u00fckleer tesislerine y\u00f6nelik askeri sald\u0131r\u0131lar\u0131n\u0131n ard\u0131ndan, Krall\u0131k ve K\u00f6rfez \u00fclkeleri \u00e7evresinde herhangi bir radyoaktif etki tespit edilmemi\u015ftir\u201d ifadelerini kulland\u0131.<\/p>\n","protected":false},"excerpt":{"rendered":"<p>VA\u015e\u0130NGTON-TAHRAN (SANA) \u2013 \u0130srail-\u0130ran sava\u015f\u0131, ABD ordusunun \u0130ran\u2019daki \u00fc\u00e7 n\u00fckleer tesise Fordow, \u0130sfahan ve Natanz y\u00f6nelik g\u00fc\u00e7l\u00fc hava sald\u0131r\u0131lar\u0131 d\u00fczenledi\u011fini duyurmas\u0131yla tehlikeli bir boyuta ula\u015ft\u0131. ABD Ba\u015fkan\u0131 Donald Trump, operasyonu \u201cdikkat \u00e7ekici bir askeri ba\u015far\u0131\u201d olarak nitelendirdi ve tesislerin tamamen yok edildi\u011fini do\u011frulad\u0131. Ayr\u0131ca \u0130ran&#8217;\u0131n bar\u0131\u015fa yana\u015fmamas\u0131 halinde daha fazla sald\u0131r\u0131 d\u00fczenlenece\u011fi tehdidinde bulundu. \u0130ran &hellip;<\/p>\n","protected":false},"author":39,"featured_media":323592,"comment_status":"closed","ping_status":"closed","sticky":false,"template":"","format":"standard","meta":{"footnotes":""},"categories":[458,589,459,17988],"tags":[],"class_list":["post-323591","post","type-post","status-publish","format-standard","has-post-thumbnail","","category-dunya1","category-haber-seridi","category-haberler-arap-uluslararasi-politika","category-son-haberler"],"_links":{"self":[{"href":"https:\/\/archive.sana.sy\/tr\/index.php?rest_route=\/wp\/v2\/posts\/323591","targetHints":{"allow":["GET"]}}],"collection":[{"href":"https:\/\/archive.sana.sy\/tr\/index.php?rest_route=\/wp\/v2\/posts"}],"about":[{"href":"https:\/\/archive.sana.sy\/tr\/index.php?rest_route=\/wp\/v2\/types\/post"}],"author":[{"embeddable":true,"href":"https:\/\/archive.sana.sy\/tr\/index.php?rest_route=\/wp\/v2\/users\/39"}],"replies":[{"embeddable":true,"href":"https:\/\/archive.sana.sy\/tr\/index.php?rest_route=%2Fwp%2Fv2%2Fcomments&post=323591"}],"version-history":[{"count":2,"href":"https:\/\/archive.sana.sy\/tr\/index.php?rest_route=\/wp\/v2\/posts\/323591\/revisions"}],"predecessor-version":[{"id":323594,"href":"https:\/\/archive.sana.sy\/tr\/index.php?rest_route=\/wp\/v2\/posts\/323591\/revisions\/323594"}],"wp:featuredmedia":[{"embeddable":true,"href":"https:\/\/archive.sana.sy\/tr\/index.php?rest_route=\/wp\/v2\/media\/323592"}],"wp:attachment":[{"href":"https:\/\/archive.sana.sy\/tr\/index.php?rest_route=%2Fwp%2Fv2%2Fmedia&parent=323591"}],"wp:term":[{"taxonomy":"category","embeddable":true,"href":"https:\/\/archive.sana.sy\/tr\/index.php?rest_route=%2Fwp%2Fv2%2Fcategories&post=323591"},{"taxonomy":"post_tag","embeddable":true,"href":"https:\/\/archive.sana.sy\/tr\/index.php?rest_route=%2Fwp%2Fv2%2Ftags&post=323591"}],"curies":[{"name":"wp","href":"https:\/\/api.w.org\/{rel}","templated":true}]}}