{"id":323595,"date":"2025-06-22T10:28:17","date_gmt":"2025-06-22T07:28:17","guid":{"rendered":"https:\/\/sana.sy\/tr\/?p=323595"},"modified":"2025-06-22T12:31:55","modified_gmt":"2025-06-22T09:31:55","slug":"arap-parlamentosu-dinlere-hakareti-suc-sayan-uluslararasi-bir-tuzuk-cagrisinda-bulundu","status":"publish","type":"post","link":"https:\/\/archive.sana.sy\/tr\/?p=323595","title":{"rendered":"Arap Parlamentosu, Dinlere Hakareti Su\u00e7 Sayan Uluslararas\u0131 Bir T\u00fcz\u00fck \u00c7a\u011fr\u0131s\u0131nda Bulundu"},"content":{"rendered":"<p style=\"text-align: justify;\"><strong>ROMA (SANA) &#8211; <\/strong>Arap Parlamentosu Ba\u015fkan\u0131 Muhammed bin Ahmed El Yemahi, dinlere hakareti su\u00e7 sayan uluslararas\u0131 bir parlamento t\u00fcz\u00fc\u011f\u00fc \u00e7\u0131kar\u0131lmas\u0131 \u00e7a\u011fr\u0131s\u0131nda bulundu.<\/p>\n<p style=\"text-align: justify;\">El Yemahi, bu \u00e7a\u011fr\u0131s\u0131n\u0131 \u0130talya Parlamentosu ile i\u015fbirli\u011fi i\u00e7inde Roma\u2019da d\u00fczenlenen ve Parlamentolar Aras\u0131 Birlik taraf\u0131ndan organize edilen \u0130kinci Parlamento Dinleraras\u0131 Diyalog Konferans\u0131\u2019nda yapt\u0131\u011f\u0131 konu\u015fmada dile getirdi.<\/p>\n<p style=\"text-align: justify;\">Konu\u015fmas\u0131nda, bazen ifade \u00f6zg\u00fcrl\u00fc\u011f\u00fc kisvesi alt\u0131nda i\u015flenen ancak ger\u00e7ekte nefreti k\u00f6r\u00fckleyen ve toplumsal ile uluslararas\u0131 bar\u0131\u015f\u0131 tehdit eden dini sembollere ve kutsal de\u011ferlere y\u00f6nelik hakaretlerin, dinler aras\u0131 diyalo\u011fun te\u015fvik edilmesinin \u00f6n\u00fcndeki en b\u00fcy\u00fck engel oldu\u011funu vurgulad\u0131.<\/p>\n<p style=\"text-align: justify;\">El Yemahi, t\u00fcm dinlerin bar\u0131\u015f i\u00e7inde bir arada ya\u015famay\u0131 te\u015fvik etti\u011fini ve nefret s\u00f6ylemini yasaklad\u0131\u011f\u0131n\u0131 belirterek, as\u0131l tehlikenin dinin siyasi ve \u0131rk\u00e7\u0131 ama\u00e7larla istismar edilmesi ve d\u00fc\u015fmanl\u0131\u011f\u0131 k\u00f6r\u00fckleyen a\u015f\u0131r\u0131l\u0131k\u00e7\u0131 davran\u0131\u015flarda yatt\u0131\u011f\u0131n\u0131 ifade etti.<\/p>\n<p style=\"text-align: justify;\">Arap Parlamentosu Ba\u015fkan\u0131 ayr\u0131ca, inan\u00e7 \u00f6zg\u00fcrl\u00fc\u011f\u00fcn\u00fc koruyan ve nefret s\u00f6ylemini su\u00e7 sayan yasalar\u0131n \u00e7\u0131kar\u0131lmas\u0131nda, ho\u015fg\u00f6r\u00fc k\u00fclt\u00fcr\u00fcn\u00fc te\u015fvik eden e\u011fitim ve medya giri\u015fimlerinin desteklenmesinde ve halklar aras\u0131nda anlay\u0131\u015f\u0131 g\u00fc\u00e7lendiren uluslararas\u0131 ortakl\u0131klar\u0131n kurulmas\u0131nda parlamenterlerin rol\u00fcne dikkat \u00e7ekti.<\/p>\n<p style=\"text-align: justify;\">Konu\u015fmas\u0131n\u0131n sonunda El Yemahi, dinler aras\u0131 diyalo\u011fun entelekt\u00fcel bir l\u00fcks de\u011fil, k\u00fcresel istikrar\u0131n tesisi i\u00e7in insani bir zorunluluk oldu\u011funu vurgulad\u0131. Her inan\u00e7tan insan\u0131n onurunu koruyan ve y\u00fccelten cesur tutumlara ihtiya\u00e7 duyuldu\u011funu belirtti.<\/p>\n","protected":false},"excerpt":{"rendered":"<p>ROMA (SANA) &#8211; Arap Parlamentosu Ba\u015fkan\u0131 Muhammed bin Ahmed El Yemahi, dinlere hakareti su\u00e7 sayan uluslararas\u0131 bir parlamento t\u00fcz\u00fc\u011f\u00fc \u00e7\u0131kar\u0131lmas\u0131 \u00e7a\u011fr\u0131s\u0131nda bulundu. El Yemahi, bu \u00e7a\u011fr\u0131s\u0131n\u0131 \u0130talya Parlamentosu ile i\u015fbirli\u011fi i\u00e7inde Roma\u2019da d\u00fczenlenen ve Parlamentolar Aras\u0131 Birlik taraf\u0131ndan organize edilen \u0130kinci Parlamento Dinleraras\u0131 Diyalog Konferans\u0131\u2019nda yapt\u0131\u011f\u0131 konu\u015fmada dile getirdi. Konu\u015fmas\u0131nda, bazen ifade \u00f6zg\u00fcrl\u00fc\u011f\u00fc kisvesi alt\u0131nda &hellip;<\/p>\n","protected":false},"author":39,"featured_media":323596,"comment_status":"closed","ping_status":"closed","sticky":false,"template":"","format":"standard","meta":{"footnotes":""},"categories":[458,589,459,17988],"tags":[],"class_list":["post-323595","post","type-post","status-publish","format-standard","has-post-thumbnail","","category-dunya1","category-haber-seridi","category-haberler-arap-uluslararasi-politika","category-son-haberler"],"_links":{"self":[{"href":"https:\/\/archive.sana.sy\/tr\/index.php?rest_route=\/wp\/v2\/posts\/323595","targetHints":{"allow":["GET"]}}],"collection":[{"href":"https:\/\/archive.sana.sy\/tr\/index.php?rest_route=\/wp\/v2\/posts"}],"about":[{"href":"https:\/\/archive.sana.sy\/tr\/index.php?rest_route=\/wp\/v2\/types\/post"}],"author":[{"embeddable":true,"href":"https:\/\/archive.sana.sy\/tr\/index.php?rest_route=\/wp\/v2\/users\/39"}],"replies":[{"embeddable":true,"href":"https:\/\/archive.sana.sy\/tr\/index.php?rest_route=%2Fwp%2Fv2%2Fcomments&post=323595"}],"version-history":[{"count":1,"href":"https:\/\/archive.sana.sy\/tr\/index.php?rest_route=\/wp\/v2\/posts\/323595\/revisions"}],"predecessor-version":[{"id":323597,"href":"https:\/\/archive.sana.sy\/tr\/index.php?rest_route=\/wp\/v2\/posts\/323595\/revisions\/323597"}],"wp:featuredmedia":[{"embeddable":true,"href":"https:\/\/archive.sana.sy\/tr\/index.php?rest_route=\/wp\/v2\/media\/323596"}],"wp:attachment":[{"href":"https:\/\/archive.sana.sy\/tr\/index.php?rest_route=%2Fwp%2Fv2%2Fmedia&parent=323595"}],"wp:term":[{"taxonomy":"category","embeddable":true,"href":"https:\/\/archive.sana.sy\/tr\/index.php?rest_route=%2Fwp%2Fv2%2Fcategories&post=323595"},{"taxonomy":"post_tag","embeddable":true,"href":"https:\/\/archive.sana.sy\/tr\/index.php?rest_route=%2Fwp%2Fv2%2Ftags&post=323595"}],"curies":[{"name":"wp","href":"https:\/\/api.w.org\/{rel}","templated":true}]}}