{"id":323598,"date":"2025-06-22T13:20:52","date_gmt":"2025-06-22T10:20:52","guid":{"rendered":"https:\/\/sana.sy\/tr\/?p=323598"},"modified":"2025-06-23T15:27:45","modified_gmt":"2025-06-23T12:27:45","slug":"suriye-disisleri-bakani-istanbulda-yemenli-mevkidasiyla-gorustu","status":"publish","type":"post","link":"https:\/\/archive.sana.sy\/tr\/?p=323598","title":{"rendered":"Bakan El \u015eeybani, \u0130slam \u0130\u015fbirli\u011fi Te\u015fkilat\u0131 D\u0131\u015fi\u015fleri Bakanlar\u0131 Konseyi&#8217;nin 51. Oturumu Kapsam\u0131nda Yemenli ve Cezayirli Mevkida\u015flar\u0131yla Bir Araya Geldi"},"content":{"rendered":"<p style=\"text-align: justify;\"><strong>\u0130STANBUL (SANA) \u2013<\/strong> Suriye D\u0131\u015fi\u015fleri ve Gurbet\u00e7iler Bakan\u0131 Asaad El \u015eeybani, \u0130stanbul&#8217;da d\u00fczenlenen \u0130slam \u0130\u015fbirli\u011fi Te\u015fkilat\u0131 (\u0130\u0130T) D\u0131\u015fi\u015fleri Bakanlar\u0131 Konseyi&#8217;nin 51. oturumu kapsam\u0131nda Yemenli mevkida\u015f\u0131 Dr. \u015eaye El Zindani ile bir araya geldi.<\/p>\n<p style=\"text-align: justify;\">G\u00f6r\u00fc\u015fmede, iki \u00fclke aras\u0131ndaki stratejik ili\u015fkilerin geli\u015ftirilmesi ve ortak i\u015f birli\u011finin g\u00fc\u00e7lendirilmesi konular\u0131 ele al\u0131nd\u0131. Taraflar, Arap ve \u0130slam d\u00fcnyas\u0131n\u0131n kar\u015f\u0131 kar\u015f\u0131ya oldu\u011fu krizler kar\u015f\u0131s\u0131nda tutumlar\u0131n uyumla\u015ft\u0131r\u0131lmas\u0131n\u0131n ve ortak Arap eyleminin etkinle\u015ftirilmesinin \u00f6nemine dikkat \u00e7ekti.<\/p>\n<p style=\"text-align: justify;\">Ayr\u0131ca, halklar\u0131n \u00e7\u0131karlar\u0131n\u0131 koruyacak ve istikrar\u0131 sa\u011flayacak siyasi \u00e7\u00f6z\u00fcmler bulunmas\u0131 y\u00f6n\u00fcnde i\u015f birli\u011fi yap\u0131lmas\u0131 gerekti\u011fi vurguland\u0131.<\/p>\n<p style=\"text-align: justify;\">Bakan El \u015eeybani ayr\u0131ca, Cezayirli mevkida\u015f\u0131 Ahmed Attaf ile bir araya gelerek, iki karde\u015f \u00fclke aras\u0131ndaki ikili ili\u015fkileri ve \u00e7e\u015fitli alanlarda ortak i\u015f birli\u011fini geli\u015ftirme yollar\u0131n\u0131 ele ald\u0131.<\/p>\n<p style=\"text-align: justify;\">Bakanlar, Arap ve \u0130slam co\u011frafyas\u0131n\u0131n kar\u015f\u0131 kar\u015f\u0131ya oldu\u011fu zorluklara \u00e7\u00f6z\u00fcm bulmak amac\u0131yla, b\u00f6lgesel ve uluslararas\u0131 platformlarda tutumlar\u0131n koordine edilmesinin ve ortak hareket etmenin \u00f6nemini vurgulad\u0131.<\/p>\n<div id='gallery-1' class='gallery galleryid-323598 gallery-columns-2 gallery-size-full'><figure class='gallery-item'>\n\t\t\t<div class='gallery-icon landscape'>\n\t\t\t\t<a href='https:\/\/archive.sana.sy\/tr\/wp-content\/uploads\/2025\/06\/0000.jpg'><img loading=\"lazy\" decoding=\"async\" width=\"1280\" height=\"718\" src=\"https:\/\/archive.sana.sy\/tr\/wp-content\/uploads\/2025\/06\/0000.jpg\" class=\"attachment-full size-full\" alt=\"\" srcset=\"https:\/\/archive.sana.sy\/tr\/wp-content\/uploads\/2025\/06\/0000.jpg 1280w, https:\/\/archive.sana.sy\/tr\/wp-content\/uploads\/2025\/06\/0000-300x168.jpg 300w, https:\/\/archive.sana.sy\/tr\/wp-content\/uploads\/2025\/06\/0000-1024x574.jpg 1024w, https:\/\/archive.sana.sy\/tr\/wp-content\/uploads\/2025\/06\/0000-768x431.jpg 768w\" sizes=\"auto, (max-width: 1280px) 100vw, 1280px\" \/><\/a>\n\t\t\t<\/div><\/figure><figure class='gallery-item'>\n\t\t\t<div class='gallery-icon landscape'>\n\t\t\t\t<a href='https:\/\/archive.sana.sy\/tr\/wp-content\/uploads\/2025\/06\/00111.jpg'><img loading=\"lazy\" decoding=\"async\" width=\"660\" height=\"370\" src=\"https:\/\/archive.sana.sy\/tr\/wp-content\/uploads\/2025\/06\/00111.jpg\" class=\"attachment-full size-full\" alt=\"\" srcset=\"https:\/\/archive.sana.sy\/tr\/wp-content\/uploads\/2025\/06\/00111.jpg 660w, https:\/\/archive.sana.sy\/tr\/wp-content\/uploads\/2025\/06\/00111-300x168.jpg 300w\" sizes=\"auto, (max-width: 660px) 100vw, 660px\" \/><\/a>\n\t\t\t<\/div><\/figure>\n\t\t<\/div>\n\n","protected":false},"excerpt":{"rendered":"<p>\u0130STANBUL (SANA) \u2013 Suriye D\u0131\u015fi\u015fleri ve Gurbet\u00e7iler Bakan\u0131 Asaad El \u015eeybani, \u0130stanbul&#8217;da d\u00fczenlenen \u0130slam \u0130\u015fbirli\u011fi Te\u015fkilat\u0131 (\u0130\u0130T) D\u0131\u015fi\u015fleri Bakanlar\u0131 Konseyi&#8217;nin 51. oturumu kapsam\u0131nda Yemenli mevkida\u015f\u0131 Dr. \u015eaye El Zindani ile bir araya geldi. G\u00f6r\u00fc\u015fmede, iki \u00fclke aras\u0131ndaki stratejik ili\u015fkilerin geli\u015ftirilmesi ve ortak i\u015f birli\u011finin g\u00fc\u00e7lendirilmesi konular\u0131 ele al\u0131nd\u0131. Taraflar, Arap ve \u0130slam d\u00fcnyas\u0131n\u0131n kar\u015f\u0131 kar\u015f\u0131ya &hellip;<\/p>\n","protected":false},"author":39,"featured_media":323599,"comment_status":"closed","ping_status":"closed","sticky":false,"template":"","format":"standard","meta":{"footnotes":""},"categories":[458,589,459,17988],"tags":[],"class_list":["post-323598","post","type-post","status-publish","format-standard","has-post-thumbnail","","category-dunya1","category-haber-seridi","category-haberler-arap-uluslararasi-politika","category-son-haberler"],"_links":{"self":[{"href":"https:\/\/archive.sana.sy\/tr\/index.php?rest_route=\/wp\/v2\/posts\/323598","targetHints":{"allow":["GET"]}}],"collection":[{"href":"https:\/\/archive.sana.sy\/tr\/index.php?rest_route=\/wp\/v2\/posts"}],"about":[{"href":"https:\/\/archive.sana.sy\/tr\/index.php?rest_route=\/wp\/v2\/types\/post"}],"author":[{"embeddable":true,"href":"https:\/\/archive.sana.sy\/tr\/index.php?rest_route=\/wp\/v2\/users\/39"}],"replies":[{"embeddable":true,"href":"https:\/\/archive.sana.sy\/tr\/index.php?rest_route=%2Fwp%2Fv2%2Fcomments&post=323598"}],"version-history":[{"count":4,"href":"https:\/\/archive.sana.sy\/tr\/index.php?rest_route=\/wp\/v2\/posts\/323598\/revisions"}],"predecessor-version":[{"id":323606,"href":"https:\/\/archive.sana.sy\/tr\/index.php?rest_route=\/wp\/v2\/posts\/323598\/revisions\/323606"}],"wp:featuredmedia":[{"embeddable":true,"href":"https:\/\/archive.sana.sy\/tr\/index.php?rest_route=\/wp\/v2\/media\/323599"}],"wp:attachment":[{"href":"https:\/\/archive.sana.sy\/tr\/index.php?rest_route=%2Fwp%2Fv2%2Fmedia&parent=323598"}],"wp:term":[{"taxonomy":"category","embeddable":true,"href":"https:\/\/archive.sana.sy\/tr\/index.php?rest_route=%2Fwp%2Fv2%2Fcategories&post=323598"},{"taxonomy":"post_tag","embeddable":true,"href":"https:\/\/archive.sana.sy\/tr\/index.php?rest_route=%2Fwp%2Fv2%2Ftags&post=323598"}],"curies":[{"name":"wp","href":"https:\/\/api.w.org\/{rel}","templated":true}]}}