{"id":323607,"date":"2025-06-22T15:30:09","date_gmt":"2025-06-22T12:30:09","guid":{"rendered":"https:\/\/sana.sy\/tr\/?p=323607"},"modified":"2025-06-22T15:30:53","modified_gmt":"2025-06-22T12:30:53","slug":"halep-eski-eserler-dairesi-kacakcilik-icin-hazirlanan-suriye-eserlerini-kurtardi","status":"publish","type":"post","link":"https:\/\/archive.sana.sy\/tr\/?p=323607","title":{"rendered":"Halep Eski Eserler Dairesi, Ka\u00e7ak\u00e7\u0131l\u0131k \u0130\u00e7in Haz\u0131rlanan Suriye Eserlerini Kurtard\u0131"},"content":{"rendered":"<p style=\"text-align: justify;\"><span style=\"color: #ff0000;\"><strong><img loading=\"lazy\" decoding=\"async\" class=\" wp-image-323609 alignright\" src=\"http:\/\/sana.sy\/tr\/wp-content\/uploads\/2025\/06\/photo_2_2025-06-22_14-58-48-300x200-1.jpg\" alt=\"\" width=\"219\" height=\"146\" \/>\u015eAM (SANA)<\/strong> <\/span>&#8211;\u00a0 Halep&#8217;teki Eski Eserler ve M\u00fczeler Genel M\u00fcd\u00fcrl\u00fc\u011f\u00fc, ka\u00e7ak\u00e7\u0131l\u0131k i\u00e7in tasarlanm\u0131\u015f \u00e7e\u015fitli Suriye d\u00f6nemlerine ait b\u00fcy\u00fck bir eser koleksiyonu ald\u0131. Bu, \u0130\u00e7i\u015fleri Bakanl\u0131\u011f\u0131 ve ildeki ilgili makamlar\u0131n yo\u011fun \u00e7abalar\u0131 sonucunda ger\u00e7ekle\u015fti.<\/p>\n<p style=\"text-align: justify;\">Genel M\u00fcd\u00fcrl\u00fck, resmi Facebook sayfas\u0131nda bu eserlerin ulusal k\u00fclt\u00fcrel miras\u0131n \u00f6nemli bir b\u00f6l\u00fcm\u00fcn\u00fc temsil etti\u011fini ve kurtar\u0131lmas\u0131n\u0131n, eski eserleri koruman\u0131n yaln\u0131zca bireysel bir sorumluluk olmad\u0131\u011f\u0131na olan inan\u00e7tan kaynakland\u0131\u011f\u0131n\u0131 belirtti.<\/p>\n","protected":false},"excerpt":{"rendered":"<p>\u015eAM (SANA) &#8211;\u00a0 Halep&#8217;teki Eski Eserler ve M\u00fczeler Genel M\u00fcd\u00fcrl\u00fc\u011f\u00fc, ka\u00e7ak\u00e7\u0131l\u0131k i\u00e7in tasarlanm\u0131\u015f \u00e7e\u015fitli Suriye d\u00f6nemlerine ait b\u00fcy\u00fck bir eser koleksiyonu ald\u0131. Bu, \u0130\u00e7i\u015fleri Bakanl\u0131\u011f\u0131 ve ildeki ilgili makamlar\u0131n yo\u011fun \u00e7abalar\u0131 sonucunda ger\u00e7ekle\u015fti. Genel M\u00fcd\u00fcrl\u00fck, resmi Facebook sayfas\u0131nda bu eserlerin ulusal k\u00fclt\u00fcrel miras\u0131n \u00f6nemli bir b\u00f6l\u00fcm\u00fcn\u00fc temsil etti\u011fini ve kurtar\u0131lmas\u0131n\u0131n, eski eserleri koruman\u0131n yaln\u0131zca bireysel &hellip;<\/p>\n","protected":false},"author":41,"featured_media":323608,"comment_status":"closed","ping_status":"closed","sticky":false,"template":"","format":"standard","meta":{"footnotes":""},"categories":[589,479,17988,478],"tags":[],"class_list":["post-323607","post","type-post","status-publish","format-standard","has-post-thumbnail","","category-haber-seridi","category-haberler-yerel","category-son-haberler","category-yerel"],"_links":{"self":[{"href":"https:\/\/archive.sana.sy\/tr\/index.php?rest_route=\/wp\/v2\/posts\/323607","targetHints":{"allow":["GET"]}}],"collection":[{"href":"https:\/\/archive.sana.sy\/tr\/index.php?rest_route=\/wp\/v2\/posts"}],"about":[{"href":"https:\/\/archive.sana.sy\/tr\/index.php?rest_route=\/wp\/v2\/types\/post"}],"author":[{"embeddable":true,"href":"https:\/\/archive.sana.sy\/tr\/index.php?rest_route=\/wp\/v2\/users\/41"}],"replies":[{"embeddable":true,"href":"https:\/\/archive.sana.sy\/tr\/index.php?rest_route=%2Fwp%2Fv2%2Fcomments&post=323607"}],"version-history":[{"count":1,"href":"https:\/\/archive.sana.sy\/tr\/index.php?rest_route=\/wp\/v2\/posts\/323607\/revisions"}],"predecessor-version":[{"id":323610,"href":"https:\/\/archive.sana.sy\/tr\/index.php?rest_route=\/wp\/v2\/posts\/323607\/revisions\/323610"}],"wp:featuredmedia":[{"embeddable":true,"href":"https:\/\/archive.sana.sy\/tr\/index.php?rest_route=\/wp\/v2\/media\/323608"}],"wp:attachment":[{"href":"https:\/\/archive.sana.sy\/tr\/index.php?rest_route=%2Fwp%2Fv2%2Fmedia&parent=323607"}],"wp:term":[{"taxonomy":"category","embeddable":true,"href":"https:\/\/archive.sana.sy\/tr\/index.php?rest_route=%2Fwp%2Fv2%2Fcategories&post=323607"},{"taxonomy":"post_tag","embeddable":true,"href":"https:\/\/archive.sana.sy\/tr\/index.php?rest_route=%2Fwp%2Fv2%2Ftags&post=323607"}],"curies":[{"name":"wp","href":"https:\/\/api.w.org\/{rel}","templated":true}]}}