{"id":323611,"date":"2025-06-22T16:26:56","date_gmt":"2025-06-22T13:26:56","guid":{"rendered":"https:\/\/sana.sy\/tr\/?p=323611"},"modified":"2025-06-24T15:32:53","modified_gmt":"2025-06-24T12:32:53","slug":"bakan-el-seybani-iit-disisleri-bakanlari-konseyinin-51-toplantisi-kapsaminda-turk-mevkidasiyla-bir-araya-geldi","status":"publish","type":"post","link":"https:\/\/archive.sana.sy\/tr\/?p=323611","title":{"rendered":"Bakan El \u015eeybani, \u0130\u0130T D\u0131\u015fi\u015fleri Bakanlar\u0131 Konseyi&#8217;nin 51. Toplant\u0131s\u0131 Kapsam\u0131nda T\u00fcrk Mevkida\u015f\u0131yla Bir Araya Geldi"},"content":{"rendered":"<p style=\"text-align: justify;\"><span style=\"color: #ff0000;\"><strong>\u0130STANBUL (SANA)<\/strong> <\/span>&#8211; D\u0131\u015fi\u015fleri Bakan\u0131 Say\u0131n Asaad El \u015eeybani, \u0130stanbul&#8217;da d\u00fczenlenen \u0130slam \u0130\u015fbirli\u011fi Te\u015fkilat\u0131 (\u0130\u0130T) D\u0131\u015fi\u015fleri Bakanlar\u0131 Konseyi&#8217;nin 51. oturumunun aralar\u0131nda T\u00fcrk mevkida\u015f\u0131 Say\u0131n Hakan Fidan ile bir araya geldi.<\/p>\n<p style=\"text-align: justify;\">G\u00f6r\u00fc\u015fmede, iki bakan b\u00f6lgedeki son geli\u015fmeleri ve \u00e7e\u015fitli alanlardaki ortak i\u015f birli\u011finin art\u0131r\u0131lmas\u0131n\u0131 g\u00f6zden ge\u00e7irdi ve her iki taraf da iki \u00fclkenin ve karde\u015f halklar\u0131n\u0131n \u00e7\u0131karlar\u0131na hizmet etmek i\u00e7in ikili koordinasyonun s\u00fcrd\u00fcr\u00fclmesinin \u00f6nemini vurgulad\u0131.<\/p>\n<div id='gallery-1' class='gallery galleryid-323611 gallery-columns-1 gallery-size-full'><figure class='gallery-item'>\n\t\t\t<div class='gallery-icon landscape'>\n\t\t\t\t<a href='https:\/\/archive.sana.sy\/tr\/?attachment_id=323613'><img loading=\"lazy\" decoding=\"async\" width=\"2560\" height=\"1437\" src=\"https:\/\/archive.sana.sy\/tr\/wp-content\/uploads\/2025\/06\/photo_2025-06-22_15-59-40.jpg\" class=\"attachment-full size-full\" alt=\"\" srcset=\"https:\/\/archive.sana.sy\/tr\/wp-content\/uploads\/2025\/06\/photo_2025-06-22_15-59-40.jpg 2560w, https:\/\/archive.sana.sy\/tr\/wp-content\/uploads\/2025\/06\/photo_2025-06-22_15-59-40-300x168.jpg 300w, https:\/\/archive.sana.sy\/tr\/wp-content\/uploads\/2025\/06\/photo_2025-06-22_15-59-40-1024x575.jpg 1024w, https:\/\/archive.sana.sy\/tr\/wp-content\/uploads\/2025\/06\/photo_2025-06-22_15-59-40-768x431.jpg 768w, https:\/\/archive.sana.sy\/tr\/wp-content\/uploads\/2025\/06\/photo_2025-06-22_15-59-40-1536x862.jpg 1536w, https:\/\/archive.sana.sy\/tr\/wp-content\/uploads\/2025\/06\/photo_2025-06-22_15-59-40-2048x1150.jpg 2048w\" sizes=\"auto, (max-width: 2560px) 100vw, 2560px\" \/><\/a>\n\t\t\t<\/div><\/figure><figure class='gallery-item'>\n\t\t\t<div class='gallery-icon landscape'>\n\t\t\t\t<a href='https:\/\/archive.sana.sy\/tr\/?attachment_id=323614'><img loading=\"lazy\" decoding=\"async\" width=\"2560\" height=\"1437\" src=\"https:\/\/archive.sana.sy\/tr\/wp-content\/uploads\/2025\/06\/photo_2025-06-22_16-00-55.jpg\" class=\"attachment-full size-full\" alt=\"\" srcset=\"https:\/\/archive.sana.sy\/tr\/wp-content\/uploads\/2025\/06\/photo_2025-06-22_16-00-55.jpg 2560w, https:\/\/archive.sana.sy\/tr\/wp-content\/uploads\/2025\/06\/photo_2025-06-22_16-00-55-300x168.jpg 300w, https:\/\/archive.sana.sy\/tr\/wp-content\/uploads\/2025\/06\/photo_2025-06-22_16-00-55-1024x575.jpg 1024w, https:\/\/archive.sana.sy\/tr\/wp-content\/uploads\/2025\/06\/photo_2025-06-22_16-00-55-768x431.jpg 768w, https:\/\/archive.sana.sy\/tr\/wp-content\/uploads\/2025\/06\/photo_2025-06-22_16-00-55-1536x862.jpg 1536w, https:\/\/archive.sana.sy\/tr\/wp-content\/uploads\/2025\/06\/photo_2025-06-22_16-00-55-2048x1150.jpg 2048w\" sizes=\"auto, (max-width: 2560px) 100vw, 2560px\" \/><\/a>\n\t\t\t<\/div><\/figure>\n\t\t<\/div>\n\n","protected":false},"excerpt":{"rendered":"<p>\u0130STANBUL (SANA) &#8211; D\u0131\u015fi\u015fleri Bakan\u0131 Say\u0131n Asaad El \u015eeybani, \u0130stanbul&#8217;da d\u00fczenlenen \u0130slam \u0130\u015fbirli\u011fi Te\u015fkilat\u0131 (\u0130\u0130T) D\u0131\u015fi\u015fleri Bakanlar\u0131 Konseyi&#8217;nin 51. oturumunun aralar\u0131nda T\u00fcrk mevkida\u015f\u0131 Say\u0131n Hakan Fidan ile bir araya geldi. G\u00f6r\u00fc\u015fmede, iki bakan b\u00f6lgedeki son geli\u015fmeleri ve \u00e7e\u015fitli alanlardaki ortak i\u015f birli\u011finin art\u0131r\u0131lmas\u0131n\u0131 g\u00f6zden ge\u00e7irdi ve her iki taraf da iki \u00fclkenin ve karde\u015f halklar\u0131n\u0131n &hellip;<\/p>\n","protected":false},"author":41,"featured_media":323612,"comment_status":"closed","ping_status":"closed","sticky":false,"template":"","format":"standard","meta":{"footnotes":""},"categories":[589,17988,2554,2555],"tags":[],"class_list":["post-323611","post","type-post","status-publish","format-standard","has-post-thumbnail","","category-haber-seridi","category-son-haberler","category-suriye-ve-dunya","category-suriye-ve-turkiye"],"_links":{"self":[{"href":"https:\/\/archive.sana.sy\/tr\/index.php?rest_route=\/wp\/v2\/posts\/323611","targetHints":{"allow":["GET"]}}],"collection":[{"href":"https:\/\/archive.sana.sy\/tr\/index.php?rest_route=\/wp\/v2\/posts"}],"about":[{"href":"https:\/\/archive.sana.sy\/tr\/index.php?rest_route=\/wp\/v2\/types\/post"}],"author":[{"embeddable":true,"href":"https:\/\/archive.sana.sy\/tr\/index.php?rest_route=\/wp\/v2\/users\/41"}],"replies":[{"embeddable":true,"href":"https:\/\/archive.sana.sy\/tr\/index.php?rest_route=%2Fwp%2Fv2%2Fcomments&post=323611"}],"version-history":[{"count":1,"href":"https:\/\/archive.sana.sy\/tr\/index.php?rest_route=\/wp\/v2\/posts\/323611\/revisions"}],"predecessor-version":[{"id":323615,"href":"https:\/\/archive.sana.sy\/tr\/index.php?rest_route=\/wp\/v2\/posts\/323611\/revisions\/323615"}],"wp:featuredmedia":[{"embeddable":true,"href":"https:\/\/archive.sana.sy\/tr\/index.php?rest_route=\/wp\/v2\/media\/323612"}],"wp:attachment":[{"href":"https:\/\/archive.sana.sy\/tr\/index.php?rest_route=%2Fwp%2Fv2%2Fmedia&parent=323611"}],"wp:term":[{"taxonomy":"category","embeddable":true,"href":"https:\/\/archive.sana.sy\/tr\/index.php?rest_route=%2Fwp%2Fv2%2Fcategories&post=323611"},{"taxonomy":"post_tag","embeddable":true,"href":"https:\/\/archive.sana.sy\/tr\/index.php?rest_route=%2Fwp%2Fv2%2Ftags&post=323611"}],"curies":[{"name":"wp","href":"https:\/\/api.w.org\/{rel}","templated":true}]}}