{"id":323616,"date":"2025-06-22T17:15:49","date_gmt":"2025-06-22T14:15:49","guid":{"rendered":"https:\/\/sana.sy\/tr\/?p=323616"},"modified":"2025-06-25T08:33:00","modified_gmt":"2025-06-25T05:33:00","slug":"cumhurbaskani-ahmed-el-sara-sivil-ve-askeri-calisanlarin-maas-ve-sabit-ucretlerinin-0-oraninda-artirilmasina-iliskin-kararname-yayinladi","status":"publish","type":"post","link":"https:\/\/archive.sana.sy\/tr\/?p=323616","title":{"rendered":"Cumhurba\u015fkan\u0131 El \u015eara, Sivil Ve Askeri \u00c7al\u0131\u015fanlar\u0131n Maa\u015f Ve Sabit \u00dccretlerinin % 200 Oran\u0131nda Art\u0131r\u0131lmas\u0131na \u0130li\u015fkin Kararname Yay\u0131nlad\u0131"},"content":{"rendered":"<p style=\"text-align: justify;\"><span style=\"color: #ff0000;\"><strong>\u015eAM (SANA)<\/strong> <\/span>-Suriye Arap Cumhuriyeti Cumhurba\u015fkan\u0131 Say\u0131n Ahmed El \u015eara, bakanl\u0131klar, daireler, kamu kurumlar\u0131, kamu sekt\u00f6r\u00fc \u015firketleri ve kurulu\u015flar\u0131, t\u00fcm idari birimler ve kamu sekt\u00f6r\u00fc kurulu\u015flar\u0131ndaki t\u00fcm sivil ve askeri \u00e7al\u0131\u015fanlar\u0131n maa\u015flar\u0131nda ve sabit \u00fccretlerinde % 200 art\u0131\u015f \u00f6ng\u00f6ren 2025 tarihli 102 say\u0131l\u0131 Kararnameyi yay\u0131nlad\u0131.<\/p>\n<p style=\"text-align: justify;\">Kararname ayr\u0131ca devletin sermayesinin en az %50&#8217;sine sahip oldu\u011fu ortak sekt\u00f6r kurulu\u015flar\u0131ndaki \u00e7al\u0131\u015fanlar\u0131 da kapsamaktad\u0131r.<\/p>\n<div id='gallery-1' class='gallery galleryid-323616 gallery-columns-1 gallery-size-full'><figure class='gallery-item'>\n\t\t\t<div class='gallery-icon portrait'>\n\t\t\t\t<a href='https:\/\/archive.sana.sy\/tr\/?attachment_id=323617'><img loading=\"lazy\" decoding=\"async\" width=\"1080\" height=\"1350\" src=\"https:\/\/archive.sana.sy\/tr\/wp-content\/uploads\/2025\/06\/102.png\" class=\"attachment-full size-full\" alt=\"\" srcset=\"https:\/\/archive.sana.sy\/tr\/wp-content\/uploads\/2025\/06\/102.png 1080w, https:\/\/archive.sana.sy\/tr\/wp-content\/uploads\/2025\/06\/102-240x300.png 240w, https:\/\/archive.sana.sy\/tr\/wp-content\/uploads\/2025\/06\/102-819x1024.png 819w, https:\/\/archive.sana.sy\/tr\/wp-content\/uploads\/2025\/06\/102-768x960.png 768w\" sizes=\"auto, (max-width: 1080px) 100vw, 1080px\" \/><\/a>\n\t\t\t<\/div><\/figure>\n\t\t<\/div>\n\n","protected":false},"excerpt":{"rendered":"<p>\u015eAM (SANA) -Suriye Arap Cumhuriyeti Cumhurba\u015fkan\u0131 Say\u0131n Ahmed El \u015eara, bakanl\u0131klar, daireler, kamu kurumlar\u0131, kamu sekt\u00f6r\u00fc \u015firketleri ve kurulu\u015flar\u0131, t\u00fcm idari birimler ve kamu sekt\u00f6r\u00fc kurulu\u015flar\u0131ndaki t\u00fcm sivil ve askeri \u00e7al\u0131\u015fanlar\u0131n maa\u015flar\u0131nda ve sabit \u00fccretlerinde % 200 art\u0131\u015f \u00f6ng\u00f6ren 2025 tarihli 102 say\u0131l\u0131 Kararnameyi yay\u0131nlad\u0131. Kararname ayr\u0131ca devletin sermayesinin en az %50&#8217;sine sahip oldu\u011fu ortak &hellip;<\/p>\n","protected":false},"author":41,"featured_media":323619,"comment_status":"closed","ping_status":"closed","sticky":false,"template":"","format":"standard","meta":{"footnotes":""},"categories":[479,605,17988,612,478],"tags":[],"class_list":["post-323616","post","type-post","status-publish","format-standard","has-post-thumbnail","","category-haberler-yerel","category-sayin-cumhurbaskani","category-son-haberler","category-yasama-kararnameler","category-yerel"],"_links":{"self":[{"href":"https:\/\/archive.sana.sy\/tr\/index.php?rest_route=\/wp\/v2\/posts\/323616","targetHints":{"allow":["GET"]}}],"collection":[{"href":"https:\/\/archive.sana.sy\/tr\/index.php?rest_route=\/wp\/v2\/posts"}],"about":[{"href":"https:\/\/archive.sana.sy\/tr\/index.php?rest_route=\/wp\/v2\/types\/post"}],"author":[{"embeddable":true,"href":"https:\/\/archive.sana.sy\/tr\/index.php?rest_route=\/wp\/v2\/users\/41"}],"replies":[{"embeddable":true,"href":"https:\/\/archive.sana.sy\/tr\/index.php?rest_route=%2Fwp%2Fv2%2Fcomments&post=323616"}],"version-history":[{"count":4,"href":"https:\/\/archive.sana.sy\/tr\/index.php?rest_route=\/wp\/v2\/posts\/323616\/revisions"}],"predecessor-version":[{"id":323622,"href":"https:\/\/archive.sana.sy\/tr\/index.php?rest_route=\/wp\/v2\/posts\/323616\/revisions\/323622"}],"wp:featuredmedia":[{"embeddable":true,"href":"https:\/\/archive.sana.sy\/tr\/index.php?rest_route=\/wp\/v2\/media\/323619"}],"wp:attachment":[{"href":"https:\/\/archive.sana.sy\/tr\/index.php?rest_route=%2Fwp%2Fv2%2Fmedia&parent=323616"}],"wp:term":[{"taxonomy":"category","embeddable":true,"href":"https:\/\/archive.sana.sy\/tr\/index.php?rest_route=%2Fwp%2Fv2%2Fcategories&post=323616"},{"taxonomy":"post_tag","embeddable":true,"href":"https:\/\/archive.sana.sy\/tr\/index.php?rest_route=%2Fwp%2Fv2%2Ftags&post=323616"}],"curies":[{"name":"wp","href":"https:\/\/api.w.org\/{rel}","templated":true}]}}