{"id":323625,"date":"2025-06-22T18:47:01","date_gmt":"2025-06-22T15:47:01","guid":{"rendered":"https:\/\/sana.sy\/tr\/?p=323625"},"modified":"2025-06-22T18:47:01","modified_gmt":"2025-06-22T15:47:01","slug":"bakan-el-seybani-turkiye-mit-baskani-ile-bir-araya-geldi","status":"publish","type":"post","link":"https:\/\/archive.sana.sy\/tr\/?p=323625","title":{"rendered":"Bakan El \u015eeybani, T\u00fcrkiye M\u0130T Ba\u015fkan\u0131 \u0130le\u00a0 Bir Araya Geldi"},"content":{"rendered":"<p style=\"text-align: justify;\"><span style=\"color: #ff0000;\"><strong>\u0130STANBUL (SANA)-<\/strong><\/span> D\u0131\u015fi\u015fleri ve Gurbet\u00e7iler Bakan\u0131 Asaad El \u015eeybani, \u0130stanbul&#8217;da d\u00fczenlenen \u0130slam \u0130\u015fbirli\u011fi Te\u015fkilat\u0131 (\u0130\u0130T) \u00dcye \u00dclkeleri D\u0131\u015fi\u015fleri Bakanlar\u0131 Konseyi&#8217;nin 51. Toplant\u0131s\u0131 kapsam\u0131nda T\u00fcrkiye M\u0130T Ba\u015fkan\u0131 \u0130brahim Kal\u0131n&#8217;la bir araya geldi.<\/p>\n","protected":false},"excerpt":{"rendered":"<p>\u0130STANBUL (SANA)- D\u0131\u015fi\u015fleri ve Gurbet\u00e7iler Bakan\u0131 Asaad El \u015eeybani, \u0130stanbul&#8217;da d\u00fczenlenen \u0130slam \u0130\u015fbirli\u011fi Te\u015fkilat\u0131 (\u0130\u0130T) \u00dcye \u00dclkeleri D\u0131\u015fi\u015fleri Bakanlar\u0131 Konseyi&#8217;nin 51. Toplant\u0131s\u0131 kapsam\u0131nda T\u00fcrkiye M\u0130T Ba\u015fkan\u0131 \u0130brahim Kal\u0131n&#8217;la bir araya geldi.<\/p>\n","protected":false},"author":41,"featured_media":323626,"comment_status":"closed","ping_status":"closed","sticky":false,"template":"","format":"standard","meta":{"footnotes":""},"categories":[589,17988,2554,2555],"tags":[],"class_list":["post-323625","post","type-post","status-publish","format-standard","has-post-thumbnail","","category-haber-seridi","category-son-haberler","category-suriye-ve-dunya","category-suriye-ve-turkiye"],"_links":{"self":[{"href":"https:\/\/archive.sana.sy\/tr\/index.php?rest_route=\/wp\/v2\/posts\/323625","targetHints":{"allow":["GET"]}}],"collection":[{"href":"https:\/\/archive.sana.sy\/tr\/index.php?rest_route=\/wp\/v2\/posts"}],"about":[{"href":"https:\/\/archive.sana.sy\/tr\/index.php?rest_route=\/wp\/v2\/types\/post"}],"author":[{"embeddable":true,"href":"https:\/\/archive.sana.sy\/tr\/index.php?rest_route=\/wp\/v2\/users\/41"}],"replies":[{"embeddable":true,"href":"https:\/\/archive.sana.sy\/tr\/index.php?rest_route=%2Fwp%2Fv2%2Fcomments&post=323625"}],"version-history":[{"count":1,"href":"https:\/\/archive.sana.sy\/tr\/index.php?rest_route=\/wp\/v2\/posts\/323625\/revisions"}],"predecessor-version":[{"id":323627,"href":"https:\/\/archive.sana.sy\/tr\/index.php?rest_route=\/wp\/v2\/posts\/323625\/revisions\/323627"}],"wp:featuredmedia":[{"embeddable":true,"href":"https:\/\/archive.sana.sy\/tr\/index.php?rest_route=\/wp\/v2\/media\/323626"}],"wp:attachment":[{"href":"https:\/\/archive.sana.sy\/tr\/index.php?rest_route=%2Fwp%2Fv2%2Fmedia&parent=323625"}],"wp:term":[{"taxonomy":"category","embeddable":true,"href":"https:\/\/archive.sana.sy\/tr\/index.php?rest_route=%2Fwp%2Fv2%2Fcategories&post=323625"},{"taxonomy":"post_tag","embeddable":true,"href":"https:\/\/archive.sana.sy\/tr\/index.php?rest_route=%2Fwp%2Fv2%2Ftags&post=323625"}],"curies":[{"name":"wp","href":"https:\/\/api.w.org\/{rel}","templated":true}]}}