{"id":323629,"date":"2025-06-22T20:51:46","date_gmt":"2025-06-22T17:51:46","guid":{"rendered":"https:\/\/sana.sy\/tr\/?p=323629"},"modified":"2025-06-22T20:51:46","modified_gmt":"2025-06-22T17:51:46","slug":"samin-duveylia-bolgesindeki-mar-elias-kilisesini-hedef-alan-bir-teror-saldirisi-gerceklesti","status":"publish","type":"post","link":"https:\/\/archive.sana.sy\/tr\/?p=323629","title":{"rendered":"\u015eam&#8217;\u0131n Duveylia B\u00f6lgesindeki Mar Elias Kilisesi&#8217;ni \u00a0Hedef Alan \u00a0Bir Ter\u00f6r Sald\u0131r\u0131s\u0131 \u00a0Ger\u00e7ekle\u015fti"},"content":{"rendered":"<p style=\"text-align: justify;\"><span style=\"color: #ff0000;\"><strong>\u015eAM (SANA)<\/strong> &#8211;<\/span> \u015eam&#8217;\u0131n Duveylia b\u00f6lgesindeki Mar Elias Kilisesi&#8217;ni hedef alan ter\u00f6r sald\u0131r\u0131s\u0131 birka\u00e7 sivilin \u00f6l\u00fcm\u00fcne ve di\u011ferlerinin yaralanmas\u0131na neden oldu.<\/p>\n<p style=\"text-align: justify;\">Suriye Sa\u011fl\u0131k Bakanl\u0131\u011f\u0131, SANA&#8217;ya yapt\u0131\u011f\u0131 a\u00e7\u0131klamada ter\u00f6r sald\u0131r\u0131s\u0131nda 13 sivilin \u00f6ld\u00fc\u011f\u00fcn\u00fc ve 53 ki\u015finin yaraland\u0131\u011f\u0131n\u0131 duyurdu.<br \/>\n<img loading=\"lazy\" decoding=\"async\" class=\" wp-image-323632 alignright\" src=\"http:\/\/sana.sy\/tr\/wp-content\/uploads\/2025\/06\/photo_2025-06-22_19-46-02-300x225.jpg\" alt=\"\" width=\"281\" height=\"211\" srcset=\"https:\/\/archive.sana.sy\/tr\/wp-content\/uploads\/2025\/06\/photo_2025-06-22_19-46-02-300x225.jpg 300w, https:\/\/archive.sana.sy\/tr\/wp-content\/uploads\/2025\/06\/photo_2025-06-22_19-46-02-1024x768.jpg 1024w, https:\/\/archive.sana.sy\/tr\/wp-content\/uploads\/2025\/06\/photo_2025-06-22_19-46-02-768x576.jpg 768w, https:\/\/archive.sana.sy\/tr\/wp-content\/uploads\/2025\/06\/photo_2025-06-22_19-46-02.jpg 1280w\" sizes=\"auto, (max-width: 281px) 100vw, 281px\" \/><\/p>\n<p style=\"text-align: justify;\">Suriye \u0130\u00e7i\u015fleri Bakanl\u0131\u011f\u0131 yapt\u0131\u011f\u0131 a\u00e7\u0131klamada \u015funlar\u0131 s\u00f6yledi: &#8221;Ter\u00f6r \u00f6rg\u00fct\u00fc I\u015e\u0130D&#8217;e\u00a0 ba\u011fl\u0131 bir canl\u0131 bomba, \u015eam&#8217;\u0131n\u00a0 Duveylia b\u00f6lgesindeki Mar Elias Kilisesi&#8217;ne girerek ate\u015f a\u00e7t\u0131, ard\u0131ndan patlay\u0131c\u0131 y\u00fckl\u00fc yelekle kendini patlatt\u0131.&#8221;<\/p>\n<p style=\"text-align: justify;\">Bakanl\u0131k ayr\u0131ca, &#8221;Suriye \u0130\u00e7i\u015fleri Bakanl\u0131\u011f\u0131: \u0130lk bilgiler, \u00e7ok say\u0131da sivilin \u00f6ld\u00fcr\u00fcld\u00fc\u011f\u00fcn\u00fc ve di\u011ferlerinin yaraland\u0131\u011f\u0131n\u0131 g\u00f6steriyor. G\u00fcvenlik g\u00fc\u00e7leri olay yerine ko\u015ftu, t\u00fcm alan\u0131 kordon alt\u0131na ald\u0131 ve uzman ekipler kan\u0131t toplamaya ve sald\u0131r\u0131n\u0131n ko\u015fullar\u0131n\u0131 ara\u015ft\u0131rmaya ba\u015flad\u0131&#8221; ifadelerini s\u00f6zlerine ekledi.<\/p>\n<p style=\"text-align: justify;\">\u015eam Valili\u011fi \u0130\u00e7 G\u00fcvenlik Kuvvetleri Komutan\u0131 Tu\u011fgeneral Usame Muhammed Hayr Atikah, ter\u00f6r sald\u0131r\u0131s\u0131n\u0131n ger\u00e7ekle\u015fti\u011fi yerde incelemelerde bulunarak, \u00f6n soru\u015fturmay\u0131 takip etti.<\/p>\n<div id='gallery-1' class='gallery galleryid-323629 gallery-columns-2 gallery-size-medium'><figure class='gallery-item'>\n\t\t\t<div class='gallery-icon landscape'>\n\t\t\t\t<a href='https:\/\/archive.sana.sy\/tr\/?attachment_id=323637'><img loading=\"lazy\" decoding=\"async\" width=\"300\" height=\"225\" src=\"https:\/\/archive.sana.sy\/tr\/wp-content\/uploads\/2025\/06\/photo_2025-06-22_20-14-08-1-300x225.jpg\" class=\"attachment-medium size-medium\" alt=\"\" srcset=\"https:\/\/archive.sana.sy\/tr\/wp-content\/uploads\/2025\/06\/photo_2025-06-22_20-14-08-1-300x225.jpg 300w, https:\/\/archive.sana.sy\/tr\/wp-content\/uploads\/2025\/06\/photo_2025-06-22_20-14-08-1-1024x768.jpg 1024w, https:\/\/archive.sana.sy\/tr\/wp-content\/uploads\/2025\/06\/photo_2025-06-22_20-14-08-1-768x576.jpg 768w, https:\/\/archive.sana.sy\/tr\/wp-content\/uploads\/2025\/06\/photo_2025-06-22_20-14-08-1.jpg 1280w\" sizes=\"auto, (max-width: 300px) 100vw, 300px\" \/><\/a>\n\t\t\t<\/div><\/figure><figure class='gallery-item'>\n\t\t\t<div class='gallery-icon landscape'>\n\t\t\t\t<a href='https:\/\/archive.sana.sy\/tr\/?attachment_id=323638'><img loading=\"lazy\" decoding=\"async\" width=\"300\" height=\"225\" src=\"https:\/\/archive.sana.sy\/tr\/wp-content\/uploads\/2025\/06\/photo_2025-06-22_20-14-10-1-300x225.jpg\" class=\"attachment-medium size-medium\" alt=\"\" srcset=\"https:\/\/archive.sana.sy\/tr\/wp-content\/uploads\/2025\/06\/photo_2025-06-22_20-14-10-1-300x225.jpg 300w, https:\/\/archive.sana.sy\/tr\/wp-content\/uploads\/2025\/06\/photo_2025-06-22_20-14-10-1-1024x768.jpg 1024w, https:\/\/archive.sana.sy\/tr\/wp-content\/uploads\/2025\/06\/photo_2025-06-22_20-14-10-1-768x576.jpg 768w, https:\/\/archive.sana.sy\/tr\/wp-content\/uploads\/2025\/06\/photo_2025-06-22_20-14-10-1.jpg 1280w\" sizes=\"auto, (max-width: 300px) 100vw, 300px\" \/><\/a>\n\t\t\t<\/div><\/figure>\n\t\t<\/div>\n\n<p style=\"text-align: justify;\">\n","protected":false},"excerpt":{"rendered":"<p>\u015eAM (SANA) &#8211; \u015eam&#8217;\u0131n Duveylia b\u00f6lgesindeki Mar Elias Kilisesi&#8217;ni hedef alan ter\u00f6r sald\u0131r\u0131s\u0131 birka\u00e7 sivilin \u00f6l\u00fcm\u00fcne ve di\u011ferlerinin yaralanmas\u0131na neden oldu. Suriye Sa\u011fl\u0131k Bakanl\u0131\u011f\u0131, SANA&#8217;ya yapt\u0131\u011f\u0131 a\u00e7\u0131klamada ter\u00f6r sald\u0131r\u0131s\u0131nda 13 sivilin \u00f6ld\u00fc\u011f\u00fcn\u00fc ve 53 ki\u015finin yaraland\u0131\u011f\u0131n\u0131 duyurdu. Suriye \u0130\u00e7i\u015fleri Bakanl\u0131\u011f\u0131 yapt\u0131\u011f\u0131 a\u00e7\u0131klamada \u015funlar\u0131 s\u00f6yledi: &#8221;Ter\u00f6r \u00f6rg\u00fct\u00fc I\u015e\u0130D&#8217;e\u00a0 ba\u011fl\u0131 bir canl\u0131 bomba, \u015eam&#8217;\u0131n\u00a0 Duveylia b\u00f6lgesindeki Mar &hellip;<\/p>\n","protected":false},"author":41,"featured_media":323630,"comment_status":"closed","ping_status":"closed","sticky":false,"template":"","format":"standard","meta":{"footnotes":""},"categories":[589,17988],"tags":[],"class_list":["post-323629","post","type-post","status-publish","format-standard","has-post-thumbnail","","category-haber-seridi","category-son-haberler"],"_links":{"self":[{"href":"https:\/\/archive.sana.sy\/tr\/index.php?rest_route=\/wp\/v2\/posts\/323629","targetHints":{"allow":["GET"]}}],"collection":[{"href":"https:\/\/archive.sana.sy\/tr\/index.php?rest_route=\/wp\/v2\/posts"}],"about":[{"href":"https:\/\/archive.sana.sy\/tr\/index.php?rest_route=\/wp\/v2\/types\/post"}],"author":[{"embeddable":true,"href":"https:\/\/archive.sana.sy\/tr\/index.php?rest_route=\/wp\/v2\/users\/41"}],"replies":[{"embeddable":true,"href":"https:\/\/archive.sana.sy\/tr\/index.php?rest_route=%2Fwp%2Fv2%2Fcomments&post=323629"}],"version-history":[{"count":1,"href":"https:\/\/archive.sana.sy\/tr\/index.php?rest_route=\/wp\/v2\/posts\/323629\/revisions"}],"predecessor-version":[{"id":323639,"href":"https:\/\/archive.sana.sy\/tr\/index.php?rest_route=\/wp\/v2\/posts\/323629\/revisions\/323639"}],"wp:featuredmedia":[{"embeddable":true,"href":"https:\/\/archive.sana.sy\/tr\/index.php?rest_route=\/wp\/v2\/media\/323630"}],"wp:attachment":[{"href":"https:\/\/archive.sana.sy\/tr\/index.php?rest_route=%2Fwp%2Fv2%2Fmedia&parent=323629"}],"wp:term":[{"taxonomy":"category","embeddable":true,"href":"https:\/\/archive.sana.sy\/tr\/index.php?rest_route=%2Fwp%2Fv2%2Fcategories&post=323629"},{"taxonomy":"post_tag","embeddable":true,"href":"https:\/\/archive.sana.sy\/tr\/index.php?rest_route=%2Fwp%2Fv2%2Ftags&post=323629"}],"curies":[{"name":"wp","href":"https:\/\/api.w.org\/{rel}","templated":true}]}}