{"id":323640,"date":"2025-06-23T09:44:25","date_gmt":"2025-06-23T06:44:25","guid":{"rendered":"https:\/\/sana.sy\/tr\/?p=323640"},"modified":"2025-06-23T16:36:44","modified_gmt":"2025-06-23T13:36:44","slug":"italya-samdaki-teror-saldirisini-kinadi","status":"publish","type":"post","link":"https:\/\/archive.sana.sy\/tr\/?p=323640","title":{"rendered":"\u0130talya, \u015eam&#8217;daki Ter\u00f6r Sald\u0131r\u0131s\u0131n\u0131 K\u0131nad\u0131"},"content":{"rendered":"<p style=\"text-align: justify;\"><span style=\"color: #ff0000;\"><strong>ROMA (SANA)<\/strong> &#8211;<\/span> \u0130talya&#8217;n\u0131n Suriye B\u00fcy\u00fckel\u00e7isi Stefano Raffanian, \u015eam&#8217;\u0131n Duveylia bmlgesindeki Mar Elias Kilisesi&#8217;ni hedef alan ve onlarca ki\u015finin \u00f6l\u00fcm\u00fcne ve yaralanmas\u0131na yol a\u00e7an ter\u00f6r sald\u0131r\u0131s\u0131n\u0131 k\u0131nad\u0131.<\/p>\n<p style=\"text-align: justify;\">Raffanian X platformunda yapt\u0131\u011f\u0131 payla\u015f\u0131mda, &#8220;\u0130talya, \u015eam&#8217;daki bir kiliseyi hedef alan ter\u00f6r sald\u0131r\u0131s\u0131n\u0131 \u015fiddetle k\u0131n\u0131yor. Dini \u00f6zg\u00fcrl\u00fcklerin korunmas\u0131 ve insan onuruna sayg\u0131, her t\u00fcrl\u00fc ho\u015fg\u00f6r\u00fcs\u00fczl\u00fck ve \u015fiddetin \u00f6n\u00fcne ge\u00e7melidir&#8221; diyerek, \u00fclkesinin Suriye halk\u0131na deste\u011fini teyit etti.<\/p>\n","protected":false},"excerpt":{"rendered":"<p>ROMA (SANA) &#8211; \u0130talya&#8217;n\u0131n Suriye B\u00fcy\u00fckel\u00e7isi Stefano Raffanian, \u015eam&#8217;\u0131n Duveylia bmlgesindeki Mar Elias Kilisesi&#8217;ni hedef alan ve onlarca ki\u015finin \u00f6l\u00fcm\u00fcne ve yaralanmas\u0131na yol a\u00e7an ter\u00f6r sald\u0131r\u0131s\u0131n\u0131 k\u0131nad\u0131. Raffanian X platformunda yapt\u0131\u011f\u0131 payla\u015f\u0131mda, &#8220;\u0130talya, \u015eam&#8217;daki bir kiliseyi hedef alan ter\u00f6r sald\u0131r\u0131s\u0131n\u0131 \u015fiddetle k\u0131n\u0131yor. Dini \u00f6zg\u00fcrl\u00fcklerin korunmas\u0131 ve insan onuruna sayg\u0131, her t\u00fcrl\u00fc ho\u015fg\u00f6r\u00fcs\u00fczl\u00fck ve \u015fiddetin \u00f6n\u00fcne &hellip;<\/p>\n","protected":false},"author":36,"featured_media":323641,"comment_status":"closed","ping_status":"closed","sticky":false,"template":"","format":"standard","meta":{"footnotes":""},"categories":[458,589,459,17988],"tags":[],"class_list":["post-323640","post","type-post","status-publish","format-standard","has-post-thumbnail","","category-dunya1","category-haber-seridi","category-haberler-arap-uluslararasi-politika","category-son-haberler"],"_links":{"self":[{"href":"https:\/\/archive.sana.sy\/tr\/index.php?rest_route=\/wp\/v2\/posts\/323640","targetHints":{"allow":["GET"]}}],"collection":[{"href":"https:\/\/archive.sana.sy\/tr\/index.php?rest_route=\/wp\/v2\/posts"}],"about":[{"href":"https:\/\/archive.sana.sy\/tr\/index.php?rest_route=\/wp\/v2\/types\/post"}],"author":[{"embeddable":true,"href":"https:\/\/archive.sana.sy\/tr\/index.php?rest_route=\/wp\/v2\/users\/36"}],"replies":[{"embeddable":true,"href":"https:\/\/archive.sana.sy\/tr\/index.php?rest_route=%2Fwp%2Fv2%2Fcomments&post=323640"}],"version-history":[{"count":2,"href":"https:\/\/archive.sana.sy\/tr\/index.php?rest_route=\/wp\/v2\/posts\/323640\/revisions"}],"predecessor-version":[{"id":323729,"href":"https:\/\/archive.sana.sy\/tr\/index.php?rest_route=\/wp\/v2\/posts\/323640\/revisions\/323729"}],"wp:featuredmedia":[{"embeddable":true,"href":"https:\/\/archive.sana.sy\/tr\/index.php?rest_route=\/wp\/v2\/media\/323641"}],"wp:attachment":[{"href":"https:\/\/archive.sana.sy\/tr\/index.php?rest_route=%2Fwp%2Fv2%2Fmedia&parent=323640"}],"wp:term":[{"taxonomy":"category","embeddable":true,"href":"https:\/\/archive.sana.sy\/tr\/index.php?rest_route=%2Fwp%2Fv2%2Fcategories&post=323640"},{"taxonomy":"post_tag","embeddable":true,"href":"https:\/\/archive.sana.sy\/tr\/index.php?rest_route=%2Fwp%2Fv2%2Ftags&post=323640"}],"curies":[{"name":"wp","href":"https:\/\/api.w.org\/{rel}","templated":true}]}}