{"id":323643,"date":"2025-06-23T09:59:22","date_gmt":"2025-06-23T06:59:22","guid":{"rendered":"https:\/\/sana.sy\/tr\/?p=323643"},"modified":"2025-06-23T16:37:48","modified_gmt":"2025-06-23T13:37:48","slug":"suriye-genclik-ve-spor-bakani-samdaki-mar-elias-kilisesine-duzenlenen-terorist-saldiriyi-kinadi","status":"publish","type":"post","link":"https:\/\/archive.sana.sy\/tr\/?p=323643","title":{"rendered":"Suriye Gen\u00e7lik ve Spor Bakan\u0131, \u015eam&#8217;daki Mar Elias Kilisesi&#8217;ne D\u00fczenlenen Ter\u00f6rist Sald\u0131r\u0131y\u0131 K\u0131nad\u0131"},"content":{"rendered":"<p style=\"text-align: justify;\"><span style=\"color: #ff0000;\"><strong>\u015eAM (SANA)<\/strong> &#8211;<\/span>\u00a0 Suriye Gen\u00e7lik ve Spor Bakan\u0131 Muhammed Sameh El Hamid, \u015eam&#8217;\u0131n Duveylia b\u00f6lgesindeki Mar Elias Kilisesi&#8217;ni hedef alan ter\u00f6r sald\u0131r\u0131s\u0131n\u0131 k\u0131nad\u0131.<\/p>\n<p style=\"text-align: justify;\">Bakan, bakanl\u0131\u011f\u0131n Facebook sayfas\u0131ndan yapt\u0131\u011f\u0131 a\u00e7\u0131klamada, &#8220;Karanl\u0131\u011f\u0131n elleriyle ger\u00e7ekle\u015ftirilen bu korkak\u00e7a eylem, Suriye halk\u0131n\u0131n t\u00fcm \u00e7e\u015fitlili\u011fiyle birli\u011finin, g\u00fcvenli\u011fini ve istikrar\u0131n\u0131 bozmaya \u00e7al\u0131\u015fan herkese kar\u015f\u0131 a\u015f\u0131lmaz bir duvar olu\u015fturdu\u011funu bir kez daha teyit etmektedir&#8221; dedi.<\/p>\n<p style=\"text-align: justify;\">Bakan a\u00e7\u0131klamas\u0131nda ayr\u0131ca, masum insanlar\u0131 b\u0131\u00e7aklayan hain han\u00e7erlerin, birli\u011fimizi koruma azmimizi ve g\u00fcvenli ve istikrarl\u0131 bir vatan i\u00e7in birlikte ilerleme ve t\u00fcm halk\u0131 i\u00e7in \u00f6zg\u00fcr bir Suriye in\u015fa etme kararl\u0131l\u0131\u011f\u0131m\u0131z\u0131 daha da art\u0131raca\u011f\u0131n\u0131 vurgulad\u0131.<\/p>\n<p style=\"text-align: justify;\">Bakan, hayat\u0131n\u0131 kaybedenlerin ailelerine ba\u015fsa\u011fl\u0131\u011f\u0131, yaral\u0131lara acil \u015fifalar da diledi.<\/p>\n","protected":false},"excerpt":{"rendered":"<p>\u015eAM (SANA) &#8211;\u00a0 Suriye Gen\u00e7lik ve Spor Bakan\u0131 Muhammed Sameh El Hamid, \u015eam&#8217;\u0131n Duveylia b\u00f6lgesindeki Mar Elias Kilisesi&#8217;ni hedef alan ter\u00f6r sald\u0131r\u0131s\u0131n\u0131 k\u0131nad\u0131. Bakan, bakanl\u0131\u011f\u0131n Facebook sayfas\u0131ndan yapt\u0131\u011f\u0131 a\u00e7\u0131klamada, &#8220;Karanl\u0131\u011f\u0131n elleriyle ger\u00e7ekle\u015ftirilen bu korkak\u00e7a eylem, Suriye halk\u0131n\u0131n t\u00fcm \u00e7e\u015fitlili\u011fiyle birli\u011finin, g\u00fcvenli\u011fini ve istikrar\u0131n\u0131 bozmaya \u00e7al\u0131\u015fan herkese kar\u015f\u0131 a\u015f\u0131lmaz bir duvar olu\u015fturdu\u011funu bir kez daha teyit &hellip;<\/p>\n","protected":false},"author":36,"featured_media":323644,"comment_status":"closed","ping_status":"closed","sticky":false,"template":"","format":"standard","meta":{"footnotes":""},"categories":[589,479,17988,478],"tags":[],"class_list":["post-323643","post","type-post","status-publish","format-standard","has-post-thumbnail","","category-haber-seridi","category-haberler-yerel","category-son-haberler","category-yerel"],"_links":{"self":[{"href":"https:\/\/archive.sana.sy\/tr\/index.php?rest_route=\/wp\/v2\/posts\/323643","targetHints":{"allow":["GET"]}}],"collection":[{"href":"https:\/\/archive.sana.sy\/tr\/index.php?rest_route=\/wp\/v2\/posts"}],"about":[{"href":"https:\/\/archive.sana.sy\/tr\/index.php?rest_route=\/wp\/v2\/types\/post"}],"author":[{"embeddable":true,"href":"https:\/\/archive.sana.sy\/tr\/index.php?rest_route=\/wp\/v2\/users\/36"}],"replies":[{"embeddable":true,"href":"https:\/\/archive.sana.sy\/tr\/index.php?rest_route=%2Fwp%2Fv2%2Fcomments&post=323643"}],"version-history":[{"count":2,"href":"https:\/\/archive.sana.sy\/tr\/index.php?rest_route=\/wp\/v2\/posts\/323643\/revisions"}],"predecessor-version":[{"id":323730,"href":"https:\/\/archive.sana.sy\/tr\/index.php?rest_route=\/wp\/v2\/posts\/323643\/revisions\/323730"}],"wp:featuredmedia":[{"embeddable":true,"href":"https:\/\/archive.sana.sy\/tr\/index.php?rest_route=\/wp\/v2\/media\/323644"}],"wp:attachment":[{"href":"https:\/\/archive.sana.sy\/tr\/index.php?rest_route=%2Fwp%2Fv2%2Fmedia&parent=323643"}],"wp:term":[{"taxonomy":"category","embeddable":true,"href":"https:\/\/archive.sana.sy\/tr\/index.php?rest_route=%2Fwp%2Fv2%2Fcategories&post=323643"},{"taxonomy":"post_tag","embeddable":true,"href":"https:\/\/archive.sana.sy\/tr\/index.php?rest_route=%2Fwp%2Fv2%2Ftags&post=323643"}],"curies":[{"name":"wp","href":"https:\/\/api.w.org\/{rel}","templated":true}]}}