{"id":323646,"date":"2025-06-23T10:05:08","date_gmt":"2025-06-23T07:05:08","guid":{"rendered":"https:\/\/sana.sy\/tr\/?p=323646"},"modified":"2025-06-23T16:39:31","modified_gmt":"2025-06-23T13:39:31","slug":"bayindirlik-bakani-korkakca-yapilan-terorist-saldiri-suriyenin-birligini-ve-milli-dokusunu-hedef-aliyor","status":"publish","type":"post","link":"https:\/\/archive.sana.sy\/tr\/?p=323646","title":{"rendered":"Bay\u0131nd\u0131rl\u0131k Bakan\u0131: Korkak\u00e7a Yap\u0131lan Ter\u00f6rist Sald\u0131r\u0131 Suriye&#8217;nin Birli\u011fini Ve Milli Dokusunu Hedef Al\u0131yor"},"content":{"rendered":"<p style=\"text-align: justify;\"><span style=\"color: #ff0000;\"><strong>\u015eAM (SANA)<\/strong> &#8211;<\/span> Suriye Bay\u0131nd\u0131rl\u0131k ve \u0130sk\u00e2n Bakan\u0131 Mustafa Abdulrazzak, \u015eam&#8217;daki Mar Elias Kilisesi&#8217;ni hedef alan ter\u00f6r sald\u0131r\u0131s\u0131n\u0131 en sert \u015fekilde k\u0131nad\u0131.<\/p>\n<p style=\"text-align: justify;\">Abdulrazzak, X platformunda payla\u015ft\u0131\u011f\u0131 tweetinde \u015funlar\u0131 belirtti: &#8220;\u015eam&#8217;daki Mar Elias Kilisesi&#8217;ni hedef alan ve \u00e7ok say\u0131da masum insan\u0131n dini rit\u00fcellerini yerine getirirken hayat\u0131n\u0131 kaybetmesine yol a\u00e7an ter\u00f6rist bombalama olay\u0131n\u0131n haberini derin bir \u00fcz\u00fcnt\u00fc ve teess\u00fcrle ald\u0131k.&#8221;<\/p>\n<p style=\"text-align: justify;\">Abdulrazzak ayr\u0131ca, &#8220;Bu korkak\u00e7a eylem Suriye&#8217;nin birli\u011fini ve ulusal yap\u0131s\u0131n\u0131 hedef al\u0131yor, hayat\u0131n\u0131 kaybedenlerin ailelerine en derin taziyelerimi sunuyorum ve yaral\u0131lara acil \u015fifalar diliyorum&#8221; ifadelerini kulland\u0131.<\/p>\n<p style=\"text-align: justify;\">\n","protected":false},"excerpt":{"rendered":"<p>\u015eAM (SANA) &#8211; Suriye Bay\u0131nd\u0131rl\u0131k ve \u0130sk\u00e2n Bakan\u0131 Mustafa Abdulrazzak, \u015eam&#8217;daki Mar Elias Kilisesi&#8217;ni hedef alan ter\u00f6r sald\u0131r\u0131s\u0131n\u0131 en sert \u015fekilde k\u0131nad\u0131. Abdulrazzak, X platformunda payla\u015ft\u0131\u011f\u0131 tweetinde \u015funlar\u0131 belirtti: &#8220;\u015eam&#8217;daki Mar Elias Kilisesi&#8217;ni hedef alan ve \u00e7ok say\u0131da masum insan\u0131n dini rit\u00fcellerini yerine getirirken hayat\u0131n\u0131 kaybetmesine yol a\u00e7an ter\u00f6rist bombalama olay\u0131n\u0131n haberini derin bir \u00fcz\u00fcnt\u00fc &hellip;<\/p>\n","protected":false},"author":36,"featured_media":323647,"comment_status":"closed","ping_status":"closed","sticky":false,"template":"","format":"standard","meta":{"footnotes":""},"categories":[589,479,17988,478],"tags":[],"class_list":["post-323646","post","type-post","status-publish","format-standard","has-post-thumbnail","","category-haber-seridi","category-haberler-yerel","category-son-haberler","category-yerel"],"_links":{"self":[{"href":"https:\/\/archive.sana.sy\/tr\/index.php?rest_route=\/wp\/v2\/posts\/323646","targetHints":{"allow":["GET"]}}],"collection":[{"href":"https:\/\/archive.sana.sy\/tr\/index.php?rest_route=\/wp\/v2\/posts"}],"about":[{"href":"https:\/\/archive.sana.sy\/tr\/index.php?rest_route=\/wp\/v2\/types\/post"}],"author":[{"embeddable":true,"href":"https:\/\/archive.sana.sy\/tr\/index.php?rest_route=\/wp\/v2\/users\/36"}],"replies":[{"embeddable":true,"href":"https:\/\/archive.sana.sy\/tr\/index.php?rest_route=%2Fwp%2Fv2%2Fcomments&post=323646"}],"version-history":[{"count":3,"href":"https:\/\/archive.sana.sy\/tr\/index.php?rest_route=\/wp\/v2\/posts\/323646\/revisions"}],"predecessor-version":[{"id":323732,"href":"https:\/\/archive.sana.sy\/tr\/index.php?rest_route=\/wp\/v2\/posts\/323646\/revisions\/323732"}],"wp:featuredmedia":[{"embeddable":true,"href":"https:\/\/archive.sana.sy\/tr\/index.php?rest_route=\/wp\/v2\/media\/323647"}],"wp:attachment":[{"href":"https:\/\/archive.sana.sy\/tr\/index.php?rest_route=%2Fwp%2Fv2%2Fmedia&parent=323646"}],"wp:term":[{"taxonomy":"category","embeddable":true,"href":"https:\/\/archive.sana.sy\/tr\/index.php?rest_route=%2Fwp%2Fv2%2Fcategories&post=323646"},{"taxonomy":"post_tag","embeddable":true,"href":"https:\/\/archive.sana.sy\/tr\/index.php?rest_route=%2Fwp%2Fv2%2Ftags&post=323646"}],"curies":[{"name":"wp","href":"https:\/\/api.w.org\/{rel}","templated":true}]}}