{"id":323649,"date":"2025-06-23T10:11:53","date_gmt":"2025-06-23T07:11:53","guid":{"rendered":"https:\/\/sana.sy\/tr\/?p=323649"},"modified":"2025-06-23T16:35:46","modified_gmt":"2025-06-23T13:35:46","slug":"musluman-dunya-birligi-samdaki-mar-elias-kilisesine-duzenlenen-teror-saldirisini-kinadi","status":"publish","type":"post","link":"https:\/\/archive.sana.sy\/tr\/?p=323649","title":{"rendered":"M\u00fcsl\u00fcman D\u00fcnya Birli\u011fi, \u015eam&#8217;daki Mar Elias Kilisesi&#8217;ne D\u00fczenlenen Ter\u00f6r Sald\u0131r\u0131s\u0131n\u0131 K\u0131nad\u0131"},"content":{"rendered":"<p style=\"text-align: justify;\"><span style=\"color: #ff0000;\"><strong>MEKKE (SANA)<\/strong> &#8211;<\/span> M\u00fcsl\u00fcman D\u00fcnya Birli\u011fi, d\u00fcn ak\u015fam \u015eam&#8217;\u0131n Duveylia b\u00f6lgesindeki Mar Elias Kilisesi&#8217;nde ger\u00e7ekle\u015fen ve onlarca ki\u015finin can kayb\u0131 ve yaralanmas\u0131yla sonu\u00e7lanan ter\u00f6r sald\u0131r\u0131s\u0131n\u0131 k\u0131nad\u0131.<\/p>\n<p style=\"text-align: justify;\">Genel Sekreterlik taraf\u0131ndan yap\u0131lan bir a\u00e7\u0131klamada, Birlik, \u015femsiyesi alt\u0131ndaki \u0130slam halklar\u0131n\u0131n pozisyonunu temsil eden, \u015fiddeti ve ter\u00f6rizmi her t\u00fcrl\u00fc bi\u00e7imde ve her t\u00fcrl\u00fc bahaneyle reddeden ve k\u0131nayan pozisyonunu teyit ederken, hayat\u0131n\u0131 kaybedenlerin ailelerine sempati duydu\u011funu ve g\u00fcvenlik ve istikrarlar\u0131na y\u00f6nelik t\u00fcm tehditlerle kar\u015f\u0131 kar\u015f\u0131ya kalan Suriye halk\u0131yla tam dayan\u0131\u015fma i\u00e7inde oldu\u011funu ifade etti.<\/p>\n<p style=\"text-align: justify;\">Birlik, Suriye Arap Cumhuriyeti&#8217;ne, h\u00fck\u00fcmetine ve halk\u0131na, bu i\u011fren\u00e7 su\u00e7un kurbanlar\u0131n\u0131n ailelerine i\u00e7ten taziye ve ba\u015fsa\u011fl\u0131\u011f\u0131 dileklerini sunarken, yaral\u0131lara acil \u015fifalar diledi.<\/p>\n","protected":false},"excerpt":{"rendered":"<p>MEKKE (SANA) &#8211; M\u00fcsl\u00fcman D\u00fcnya Birli\u011fi, d\u00fcn ak\u015fam \u015eam&#8217;\u0131n Duveylia b\u00f6lgesindeki Mar Elias Kilisesi&#8217;nde ger\u00e7ekle\u015fen ve onlarca ki\u015finin can kayb\u0131 ve yaralanmas\u0131yla sonu\u00e7lanan ter\u00f6r sald\u0131r\u0131s\u0131n\u0131 k\u0131nad\u0131. Genel Sekreterlik taraf\u0131ndan yap\u0131lan bir a\u00e7\u0131klamada, Birlik, \u015femsiyesi alt\u0131ndaki \u0130slam halklar\u0131n\u0131n pozisyonunu temsil eden, \u015fiddeti ve ter\u00f6rizmi her t\u00fcrl\u00fc bi\u00e7imde ve her t\u00fcrl\u00fc bahaneyle reddeden ve k\u0131nayan pozisyonunu teyit &hellip;<\/p>\n","protected":false},"author":36,"featured_media":323650,"comment_status":"closed","ping_status":"closed","sticky":false,"template":"","format":"standard","meta":{"footnotes":""},"categories":[458,589,459,17988],"tags":[],"class_list":["post-323649","post","type-post","status-publish","format-standard","has-post-thumbnail","","category-dunya1","category-haber-seridi","category-haberler-arap-uluslararasi-politika","category-son-haberler"],"_links":{"self":[{"href":"https:\/\/archive.sana.sy\/tr\/index.php?rest_route=\/wp\/v2\/posts\/323649","targetHints":{"allow":["GET"]}}],"collection":[{"href":"https:\/\/archive.sana.sy\/tr\/index.php?rest_route=\/wp\/v2\/posts"}],"about":[{"href":"https:\/\/archive.sana.sy\/tr\/index.php?rest_route=\/wp\/v2\/types\/post"}],"author":[{"embeddable":true,"href":"https:\/\/archive.sana.sy\/tr\/index.php?rest_route=\/wp\/v2\/users\/36"}],"replies":[{"embeddable":true,"href":"https:\/\/archive.sana.sy\/tr\/index.php?rest_route=%2Fwp%2Fv2%2Fcomments&post=323649"}],"version-history":[{"count":1,"href":"https:\/\/archive.sana.sy\/tr\/index.php?rest_route=\/wp\/v2\/posts\/323649\/revisions"}],"predecessor-version":[{"id":323651,"href":"https:\/\/archive.sana.sy\/tr\/index.php?rest_route=\/wp\/v2\/posts\/323649\/revisions\/323651"}],"wp:featuredmedia":[{"embeddable":true,"href":"https:\/\/archive.sana.sy\/tr\/index.php?rest_route=\/wp\/v2\/media\/323650"}],"wp:attachment":[{"href":"https:\/\/archive.sana.sy\/tr\/index.php?rest_route=%2Fwp%2Fv2%2Fmedia&parent=323649"}],"wp:term":[{"taxonomy":"category","embeddable":true,"href":"https:\/\/archive.sana.sy\/tr\/index.php?rest_route=%2Fwp%2Fv2%2Fcategories&post=323649"},{"taxonomy":"post_tag","embeddable":true,"href":"https:\/\/archive.sana.sy\/tr\/index.php?rest_route=%2Fwp%2Fv2%2Ftags&post=323649"}],"curies":[{"name":"wp","href":"https:\/\/api.w.org\/{rel}","templated":true}]}}