{"id":323652,"date":"2025-06-23T10:17:42","date_gmt":"2025-06-23T07:17:42","guid":{"rendered":"https:\/\/sana.sy\/tr\/?p=323652"},"modified":"2025-06-23T16:34:56","modified_gmt":"2025-06-23T13:34:56","slug":"antakya-ve-tum-dogu-rum-ortodoks-patrikhanesi-samdaki-mar-elias-kilisesine-yonelik-bombali-saldiriyi-siddetle-kinadi","status":"publish","type":"post","link":"https:\/\/archive.sana.sy\/tr\/?p=323652","title":{"rendered":"Antakya ve T\u00fcm Do\u011fu Rum Ortodoks Patrikhanesi, \u015eam&#8217;daki Mar Elias Kilisesi&#8217;ne Y\u00f6nelik Bombal\u0131 Sald\u0131r\u0131y\u0131 \u015eiddetle K\u0131nad\u0131"},"content":{"rendered":"<p style=\"text-align: justify;\"><span style=\"color: #ff0000;\"><strong>\u015eAM (SANA)<\/strong> &#8211;<\/span> Antakya ve B\u00fct\u00fcn Do\u011fu Rum Ortodoks Patrikhanesi, \u015eam&#8217;\u0131n Duveylia b\u00f6lgesindeki Mar Elias Kilisesi&#8217;ne y\u00f6nelik ter\u00f6rist sald\u0131r\u0131y\u0131 sert bir dille k\u0131nad\u0131 ve t\u00fcm vatanda\u015flar\u0131n korunmas\u0131n\u0131n sa\u011flanmas\u0131 \u00e7a\u011fr\u0131s\u0131nda bulundu.<\/p>\n<p style=\"text-align: justify;\">Patrikhane, Facebook sayfas\u0131ndan yapt\u0131\u011f\u0131 a\u00e7\u0131klamada \u015fu ifadelere yer verdi: &#8220;Antakya Kilisemizin t\u00fcm Antakya azizlerini and\u0131\u011f\u0131 bu g\u00fcnde, k\u00f6t\u00fcl\u00fc\u011f\u00fcn hain eli vurdu, hayatlar\u0131m\u0131z\u0131 ve \u015eam&#8217;\u0131n Duveylia b\u00f6lgesindeki Peygamber Elias Kilisesi&#8217;nde ak\u015fam ayini s\u0131ras\u0131nda \u015fehit edilen sevdiklerimizin hayatlar\u0131n\u0131 ald\u0131.&#8221;<\/p>\n<p style=\"text-align: justify;\">A\u00e7\u0131klamada ayr\u0131ca: &#8220;\u015eehitlerin ruhlar\u0131, yaral\u0131lar\u0131n \u015fifas\u0131 ve kederli inananlar\u0131m\u0131z\u0131n tesellisi i\u00e7in dualar\u0131m\u0131z\u0131 sunuyoruz ve her t\u00fcrl\u00fc korku ve sindirmeyi reddetme konusundaki kararl\u0131 kararl\u0131l\u0131\u011f\u0131m\u0131z\u0131 teyit ediyoruz&#8221; ifadeleri s\u00f6zlerine ekledi.<\/p>\n","protected":false},"excerpt":{"rendered":"<p>\u015eAM (SANA) &#8211; Antakya ve B\u00fct\u00fcn Do\u011fu Rum Ortodoks Patrikhanesi, \u015eam&#8217;\u0131n Duveylia b\u00f6lgesindeki Mar Elias Kilisesi&#8217;ne y\u00f6nelik ter\u00f6rist sald\u0131r\u0131y\u0131 sert bir dille k\u0131nad\u0131 ve t\u00fcm vatanda\u015flar\u0131n korunmas\u0131n\u0131n sa\u011flanmas\u0131 \u00e7a\u011fr\u0131s\u0131nda bulundu. Patrikhane, Facebook sayfas\u0131ndan yapt\u0131\u011f\u0131 a\u00e7\u0131klamada \u015fu ifadelere yer verdi: &#8220;Antakya Kilisemizin t\u00fcm Antakya azizlerini and\u0131\u011f\u0131 bu g\u00fcnde, k\u00f6t\u00fcl\u00fc\u011f\u00fcn hain eli vurdu, hayatlar\u0131m\u0131z\u0131 ve \u015eam&#8217;\u0131n Duveylia &hellip;<\/p>\n","protected":false},"author":36,"featured_media":323653,"comment_status":"closed","ping_status":"closed","sticky":false,"template":"","format":"standard","meta":{"footnotes":""},"categories":[589,479,17988,478],"tags":[],"class_list":["post-323652","post","type-post","status-publish","format-standard","has-post-thumbnail","","category-haber-seridi","category-haberler-yerel","category-son-haberler","category-yerel"],"_links":{"self":[{"href":"https:\/\/archive.sana.sy\/tr\/index.php?rest_route=\/wp\/v2\/posts\/323652","targetHints":{"allow":["GET"]}}],"collection":[{"href":"https:\/\/archive.sana.sy\/tr\/index.php?rest_route=\/wp\/v2\/posts"}],"about":[{"href":"https:\/\/archive.sana.sy\/tr\/index.php?rest_route=\/wp\/v2\/types\/post"}],"author":[{"embeddable":true,"href":"https:\/\/archive.sana.sy\/tr\/index.php?rest_route=\/wp\/v2\/users\/36"}],"replies":[{"embeddable":true,"href":"https:\/\/archive.sana.sy\/tr\/index.php?rest_route=%2Fwp%2Fv2%2Fcomments&post=323652"}],"version-history":[{"count":2,"href":"https:\/\/archive.sana.sy\/tr\/index.php?rest_route=\/wp\/v2\/posts\/323652\/revisions"}],"predecessor-version":[{"id":323728,"href":"https:\/\/archive.sana.sy\/tr\/index.php?rest_route=\/wp\/v2\/posts\/323652\/revisions\/323728"}],"wp:featuredmedia":[{"embeddable":true,"href":"https:\/\/archive.sana.sy\/tr\/index.php?rest_route=\/wp\/v2\/media\/323653"}],"wp:attachment":[{"href":"https:\/\/archive.sana.sy\/tr\/index.php?rest_route=%2Fwp%2Fv2%2Fmedia&parent=323652"}],"wp:term":[{"taxonomy":"category","embeddable":true,"href":"https:\/\/archive.sana.sy\/tr\/index.php?rest_route=%2Fwp%2Fv2%2Fcategories&post=323652"},{"taxonomy":"post_tag","embeddable":true,"href":"https:\/\/archive.sana.sy\/tr\/index.php?rest_route=%2Fwp%2Fv2%2Ftags&post=323652"}],"curies":[{"name":"wp","href":"https:\/\/api.w.org\/{rel}","templated":true}]}}