{"id":323655,"date":"2025-06-23T10:21:19","date_gmt":"2025-06-23T07:21:19","guid":{"rendered":"https:\/\/sana.sy\/tr\/?p=323655"},"modified":"2025-06-23T16:33:29","modified_gmt":"2025-06-23T13:33:29","slug":"kuveyt-samdaki-bir-kiliseye-duzenlenen-teror-saldirisini-siddetle-kinadi","status":"publish","type":"post","link":"https:\/\/archive.sana.sy\/tr\/?p=323655","title":{"rendered":"Kuveyt, \u015eam&#8217;daki Bir Kiliseye D\u00fczenlenen Ter\u00f6r Sald\u0131r\u0131s\u0131n\u0131 \u015eiddetle K\u0131nad\u0131"},"content":{"rendered":"<p style=\"text-align: justify;\"><span style=\"color: #ff0000;\"><strong>KUVEYT (SANA)<\/strong> &#8211;<\/span> Kuveyt D\u0131\u015fi\u015fleri Bakanl\u0131\u011f\u0131, \u015eam&#8217;\u0131n Duveylia b\u00f6lgesinde Mar Elias Kilisesi&#8217;ni hedef alan ve \u00e7ok say\u0131da can kayb\u0131 ve yaralanmaya yol a\u00e7an ter\u00f6r sald\u0131r\u0131s\u0131n\u0131 \u015fiddetle k\u0131nad\u0131\u011f\u0131n\u0131 belirtti.<\/p>\n<p style=\"text-align: justify;\">Kuveyt Haber Ajans\u0131&#8217;n\u0131n &#8220;KUNA&#8221; bug\u00fcn yay\u0131mlad\u0131\u011f\u0131 a\u00e7\u0131klamada, Kuveyt&#8217;in, amac\u0131 ne olursa olsun her t\u00fcrl\u00fc \u015fiddet ve ter\u00f6rizme kar\u015f\u0131 kararl\u0131 duru\u015funu korudu\u011fu belirtildi.<\/p>\n<p style=\"text-align: justify;\">Bakanl\u0131k ayr\u0131ca, Suriye Arap Cumhuriyeti h\u00fck\u00fcmetine ve halk\u0131na ve ma\u011fdurlar\u0131n ailelerine Kuveyt Devleti&#8217;nin i\u00e7ten taziyelerini ileterek, yaral\u0131lara acil \u015fifalar diledi.<\/p>\n","protected":false},"excerpt":{"rendered":"<p>KUVEYT (SANA) &#8211; Kuveyt D\u0131\u015fi\u015fleri Bakanl\u0131\u011f\u0131, \u015eam&#8217;\u0131n Duveylia b\u00f6lgesinde Mar Elias Kilisesi&#8217;ni hedef alan ve \u00e7ok say\u0131da can kayb\u0131 ve yaralanmaya yol a\u00e7an ter\u00f6r sald\u0131r\u0131s\u0131n\u0131 \u015fiddetle k\u0131nad\u0131\u011f\u0131n\u0131 belirtti. Kuveyt Haber Ajans\u0131&#8217;n\u0131n &#8220;KUNA&#8221; bug\u00fcn yay\u0131mlad\u0131\u011f\u0131 a\u00e7\u0131klamada, Kuveyt&#8217;in, amac\u0131 ne olursa olsun her t\u00fcrl\u00fc \u015fiddet ve ter\u00f6rizme kar\u015f\u0131 kararl\u0131 duru\u015funu korudu\u011fu belirtildi. Bakanl\u0131k ayr\u0131ca, Suriye Arap Cumhuriyeti &hellip;<\/p>\n","protected":false},"author":36,"featured_media":323656,"comment_status":"closed","ping_status":"closed","sticky":false,"template":"","format":"standard","meta":{"footnotes":""},"categories":[458,589,459,17988],"tags":[],"class_list":["post-323655","post","type-post","status-publish","format-standard","has-post-thumbnail","","category-dunya1","category-haber-seridi","category-haberler-arap-uluslararasi-politika","category-son-haberler"],"_links":{"self":[{"href":"https:\/\/archive.sana.sy\/tr\/index.php?rest_route=\/wp\/v2\/posts\/323655","targetHints":{"allow":["GET"]}}],"collection":[{"href":"https:\/\/archive.sana.sy\/tr\/index.php?rest_route=\/wp\/v2\/posts"}],"about":[{"href":"https:\/\/archive.sana.sy\/tr\/index.php?rest_route=\/wp\/v2\/types\/post"}],"author":[{"embeddable":true,"href":"https:\/\/archive.sana.sy\/tr\/index.php?rest_route=\/wp\/v2\/users\/36"}],"replies":[{"embeddable":true,"href":"https:\/\/archive.sana.sy\/tr\/index.php?rest_route=%2Fwp%2Fv2%2Fcomments&post=323655"}],"version-history":[{"count":3,"href":"https:\/\/archive.sana.sy\/tr\/index.php?rest_route=\/wp\/v2\/posts\/323655\/revisions"}],"predecessor-version":[{"id":323727,"href":"https:\/\/archive.sana.sy\/tr\/index.php?rest_route=\/wp\/v2\/posts\/323655\/revisions\/323727"}],"wp:featuredmedia":[{"embeddable":true,"href":"https:\/\/archive.sana.sy\/tr\/index.php?rest_route=\/wp\/v2\/media\/323656"}],"wp:attachment":[{"href":"https:\/\/archive.sana.sy\/tr\/index.php?rest_route=%2Fwp%2Fv2%2Fmedia&parent=323655"}],"wp:term":[{"taxonomy":"category","embeddable":true,"href":"https:\/\/archive.sana.sy\/tr\/index.php?rest_route=%2Fwp%2Fv2%2Fcategories&post=323655"},{"taxonomy":"post_tag","embeddable":true,"href":"https:\/\/archive.sana.sy\/tr\/index.php?rest_route=%2Fwp%2Fv2%2Ftags&post=323655"}],"curies":[{"name":"wp","href":"https:\/\/api.w.org\/{rel}","templated":true}]}}